{"id":13651,"date":"2018-11-15T09:22:12","date_gmt":"2018-11-15T08:22:12","guid":{"rendered":"https:\/\/www.sibuscascoche.com\/noticias\/?p=13651"},"modified":"2018-11-15T09:24:21","modified_gmt":"2018-11-15T08:24:21","slug":"citroen-c3-jcc-concesionario-galicia","status":"publish","type":"post","link":"https:\/\/www.sibuscascoche.com\/noticias\/2018\/citroen-c3-jcc-concesionario-galicia\/","title":{"rendered":"Citro\u00ebn C3 JCC+, exclusividad y elegancia a la vuelta de un clic"},"content":{"rendered":"<p style=\"text-align: justify;\">La marca francesa acaba de presentar este modelo en el Sal\u00f3n del Autom\u00f3vil de Par\u00eds, una edici\u00f3n especial de la tercera generaci\u00f3n del C3 creada por el dise\u00f1ador de moda Jean-Charles de Castelbajac. Un coche exclusivo y con mucho estilo del que solo saldr\u00e1n a la venta 99 unidades y \u00fanicamente por internet, aunque lo podr\u00e1s recoger en tu <strong>Concesionario Galicia <\/strong>m\u00e1s cercano.<\/p>\n<h5 style=\"text-align: justify;\">Elegante y distinguido<\/h5>\n<p style=\"text-align: justify;\">En su dise\u00f1o exterior el Citro\u00ebn C3 JCC+ tiene una carrocer\u00eda en riguroso Negro Perla Nera pero con los detalles en amarillo, azul y rojo como s\u00edmbolo del dise\u00f1ador marroqu\u00ed. Seg\u00fan Jean-Charles de Castelbajac el amarillo representa la luz, el azul la esperanza y el rojo la pasi\u00f3n. <img loading=\"lazy\" decoding=\"async\" class=\"alignright size-full wp-image-13654\" alt=\"citroen c3 jcc+, concesionario galicia\" src=\"https:\/\/www.sibuscascoche.com\/noticias\/wp-content\/uploads\/2018\/11\/citroen-c3-jcc-interior.jpg\" width=\"300\" height=\"200\" \/>En concreto en este modelo encontramos el tono azul en las cubiertas de los faros antiniebla delanteros y en uno de los airbumps caracter\u00edsticos del C3, el amarillo est\u00e1 presente en las llantas y en los espejos retrovisores. Uno de los elementos que m\u00e1s llama la atenci\u00f3n de este modelo de pasarela es el techo en rojo y con un gui\u00f1o a la marca con unos chevrones grandes y llamativos. Otros elementos que apreciamos en el exterior son los cristales polarizados de las ventanillas y unas llantas de aleaci\u00f3n de 17 pulgadas en dise\u00f1o Cross Black.<\/p>\n<p style=\"text-align: justify;\">Su interior es similar al modelo C3 est\u00e1ndar pero con los mismos toques en rojo, azul y amarillo. La firma de Jean-Charles de Castelbajac se encuentra en el espejo del parasol y en las alfombrillas delanteras. Cada veh\u00edculo ir\u00e1 numerado y esta numeraci\u00f3n ir\u00e1 incluida en una placa de metal situada en la base de la palanca de cambios.<\/p>\n<h5 style=\"text-align: justify;\">Gran equipamiento<\/h5>\n<p style=\"text-align: justify;\">Este modelo limitado se basa en el acabado Shine por lo que su equipamiento es el propio de un veh\u00edculo de alta gama pero con mayores prestaciones. Entre los elementos que aumentan su confort y seguridad est\u00e1 el freno de seguridad activo, alerta de atenci\u00f3n del conductor, espejo retrovisor electrocr\u00f3mico, sistema de vigilancia de \u00e1ngulo muerto o faros inteligentes Smartbeam. Tambi\u00e9n destaca su tecnolog\u00eda y conectividad, dispone de una pantalla t\u00e1ctil de 7 pulgadas para manejar todos los elementos multimedia y una c\u00e1mara conectada con gran angular full HD, para que el conductor pueda sacar fotos de sus viajes y compartirlas directamente en sus redes sociales.<\/p>\n<p style=\"text-align: justify;\">En cuanto a la mec\u00e1nica el Citro\u00ebn C3 JCC+ ofrecer\u00e1 un motor de gasolina 1.2 PureTech de tres cilindros y 110 CV.<\/p>\n<p style=\"text-align: justify;\">Si quieres conducir un coche totalmente exclusivo tendr\u00e1s que ser r\u00e1pido ya que solo saldr\u00e1n a la venta 99 unidades y la compra ser\u00e1 por internet para facilitar los tr\u00e1mites al cliente. Un coche con mucho estilo que aporta elegancia a cualquiera que lo conduzca y ya est\u00e1 disponible online, aunque lo podr\u00e1s recoger en tu <strong>Concesionario Galicia<\/strong>.<\/p>\n","protected":false},"excerpt":{"rendered":"<p>La marca francesa acaba de presentar este modelo en el Sal\u00f3n del Autom\u00f3vil de Par\u00eds, una edici\u00f3n especial de la tercera generaci\u00f3n del C3 creada por el dise\u00f1ador de moda<\/p>\n","protected":false},"author":6,"featured_media":13653,"comment_status":"closed","ping_status":"open","sticky":false,"template":"","format":"standard","meta":{"footnotes":""},"categories":[1],"tags":[1310,1289],"class_list":["post-13651","post","type-post","status-publish","format-standard","has-post-thumbnail","hentry","category-actualidad","tag-citroen-c3-jcc","tag-concesionario-galicia"],"_links":{"self":[{"href":"https:\/\/www.sibuscascoche.com\/noticias\/wp-json\/wp\/v2\/posts\/13651","targetHints":{"allow":["GET"]}}],"collection":[{"href":"https:\/\/www.sibuscascoche.com\/noticias\/wp-json\/wp\/v2\/posts"}],"about":[{"href":"https:\/\/www.sibuscascoche.com\/noticias\/wp-json\/wp\/v2\/types\/post"}],"author":[{"embeddable":true,"href":"https:\/\/www.sibuscascoche.com\/noticias\/wp-json\/wp\/v2\/users\/6"}],"replies":[{"embeddable":true,"href":"https:\/\/www.sibuscascoche.com\/noticias\/wp-json\/wp\/v2\/comments?post=13651"}],"version-history":[{"count":5,"href":"https:\/\/www.sibuscascoche.com\/noticias\/wp-json\/wp\/v2\/posts\/13651\/revisions"}],"predecessor-version":[{"id":13743,"href":"https:\/\/www.sibuscascoche.com\/noticias\/wp-json\/wp\/v2\/posts\/13651\/revisions\/13743"}],"wp:featuredmedia":[{"embeddable":true,"href":"https:\/\/www.sibuscascoche.com\/noticias\/wp-json\/wp\/v2\/media\/13653"}],"wp:attachment":[{"href":"https:\/\/www.sibuscascoche.com\/noticias\/wp-json\/wp\/v2\/media?parent=13651"}],"wp:term":[{"taxonomy":"category","embeddable":true,"href":"https:\/\/www.sibuscascoche.com\/noticias\/wp-json\/wp\/v2\/categories?post=13651"},{"taxonomy":"post_tag","embeddable":true,"href":"https:\/\/www.sibuscascoche.com\/noticias\/wp-json\/wp\/v2\/tags?post=13651"}],"curies":[{"name":"wp","href":"https:\/\/api.w.org\/{rel}","templated":true}]}}