{"id":13577,"date":"2018-10-09T09:50:50","date_gmt":"2018-10-09T07:50:50","guid":{"rendered":"https:\/\/www.sibuscascoche.com\/noticias\/?p=13577"},"modified":"2018-10-09T09:50:50","modified_gmt":"2018-10-09T07:50:50","slug":"coches-minusvalidos-coche-de-ocasion","status":"publish","type":"post","link":"https:\/\/www.sibuscascoche.com\/noticias\/2018\/coches-minusvalidos-coche-de-ocasion\/","title":{"rendered":"Descuentos en la compra de un coche para personas con minusval\u00eda"},"content":{"rendered":"<p style=\"text-align: justify;\">Si tienes alg\u00fan tipo de minusval\u00eda deber\u00edas revisar los descuentos y ventajas fiscales a las que puedes optar a la hora de comprar un coche nuevo. Aqu\u00ed te contamos algunas de las m\u00e1s importantes y recuerda que no ser\u00e1n aplicables si est\u00e1s pensando en adquirir un <strong>coche de ocasi\u00f3n<\/strong>.<\/p>\n<h5 style=\"text-align: justify;\">Reducciones fiscales<\/h5>\n<p style=\"text-align: justify;\"><img loading=\"lazy\" decoding=\"async\" class=\"alignright size-full wp-image-13579\" alt=\"coches adaptados silla de ruedas, coche de ocasi\u00f3n\" src=\"https:\/\/www.sibuscascoche.com\/noticias\/wp-content\/uploads\/2018\/10\/silla-ruedas.jpg\" width=\"300\" height=\"200\" \/>La primera y m\u00e1s importante es la reducci\u00f3n en el IVA, que pasa del 21% com\u00fan, al 4%. Ten en cuenta que esta ventaja fiscal solo ser\u00e1 aplicable para la compra de coches nuevos sin matricular. Como explic\u00e1bamos al principio del art\u00edculo este descuento no se aplicar\u00e1 en la compra de coches de ocasi\u00f3n. Adem\u00e1s, el veh\u00edculo tendr\u00e1 que ser para uso exclusivo de transporte de personas con discapacidad, aunque no tiene que tener minusval\u00eda el conductor.<\/p>\n<p style=\"text-align: justify;\">Otros descuentos de los que se puede beneficiar la persona con discapacidad son la exenci\u00f3n del pago del impuesto de matriculaci\u00f3n y el impuesto municipal.<\/p>\n<h5 style=\"text-align: justify;\">Requisitos de concesi\u00f3n<\/h5>\n<p style=\"text-align: justify;\">Para poder beneficiarse de estas ayudas es obligatorio no vender o transferir el coche durante un per\u00edodo de 4 a\u00f1os. El \u00fanico motivo por el que se podr\u00eda transferir antes el veh\u00edculo ser\u00eda en caso de siniestro total.<\/p>\n<p style=\"text-align: justify;\">Otro requisito imprescindible es que el coche se use exclusivamente para la persona con minusval\u00eda.<\/p>\n<h5 style=\"text-align: justify;\">Ayudas a la reparaci\u00f3n<\/h5>\n<p style=\"text-align: justify;\">En caso de una aver\u00eda com\u00fan la persona con minusval\u00eda no contar\u00e1 con ninguna ventaja fiscal. La reducci\u00f3n del IVA solo se llevar\u00e1 a cabo si se trata de la reparaci\u00f3n de un veh\u00edculo construido especialmente para uso de personas discapacitadas o en reparaciones para adaptar veh\u00edculos al transporte de personas con movilidad reducida.<\/p>\n<p style=\"text-align: justify;\">Ten en cuenta que estas ayudas no son exclusivas para personas en silla de ruedas as\u00ed que si tienes alg\u00fan tipo de minusval\u00eda o pensi\u00f3n de incapacidad te aconsejamos que chequees tus opciones antes de comprar un coche nuevo.<\/p>\n","protected":false},"excerpt":{"rendered":"<p>Si tienes alg\u00fan tipo de minusval\u00eda deber\u00edas revisar los descuentos y ventajas fiscales a las que puedes optar a la hora de comprar un coche nuevo. Aqu\u00ed te contamos algunas<\/p>\n","protected":false},"author":6,"featured_media":13580,"comment_status":"closed","ping_status":"open","sticky":false,"template":"","format":"standard","meta":{"footnotes":""},"categories":[1,6],"tags":[1296,1297,1295],"class_list":["post-13577","post","type-post","status-publish","format-standard","has-post-thumbnail","hentry","category-actualidad","category-mantenimiento-consejos","tag-coches-adaptados","tag-coches-de-oc","tag-personas-con-minusvalia"],"_links":{"self":[{"href":"https:\/\/www.sibuscascoche.com\/noticias\/wp-json\/wp\/v2\/posts\/13577","targetHints":{"allow":["GET"]}}],"collection":[{"href":"https:\/\/www.sibuscascoche.com\/noticias\/wp-json\/wp\/v2\/posts"}],"about":[{"href":"https:\/\/www.sibuscascoche.com\/noticias\/wp-json\/wp\/v2\/types\/post"}],"author":[{"embeddable":true,"href":"https:\/\/www.sibuscascoche.com\/noticias\/wp-json\/wp\/v2\/users\/6"}],"replies":[{"embeddable":true,"href":"https:\/\/www.sibuscascoche.com\/noticias\/wp-json\/wp\/v2\/comments?post=13577"}],"version-history":[{"count":3,"href":"https:\/\/www.sibuscascoche.com\/noticias\/wp-json\/wp\/v2\/posts\/13577\/revisions"}],"predecessor-version":[{"id":13594,"href":"https:\/\/www.sibuscascoche.com\/noticias\/wp-json\/wp\/v2\/posts\/13577\/revisions\/13594"}],"wp:featuredmedia":[{"embeddable":true,"href":"https:\/\/www.sibuscascoche.com\/noticias\/wp-json\/wp\/v2\/media\/13580"}],"wp:attachment":[{"href":"https:\/\/www.sibuscascoche.com\/noticias\/wp-json\/wp\/v2\/media?parent=13577"}],"wp:term":[{"taxonomy":"category","embeddable":true,"href":"https:\/\/www.sibuscascoche.com\/noticias\/wp-json\/wp\/v2\/categories?post=13577"},{"taxonomy":"post_tag","embeddable":true,"href":"https:\/\/www.sibuscascoche.com\/noticias\/wp-json\/wp\/v2\/tags?post=13577"}],"curies":[{"name":"wp","href":"https:\/\/api.w.org\/{rel}","templated":true}]}}