{"id":13567,"date":"2018-10-09T09:41:23","date_gmt":"2018-10-09T07:41:23","guid":{"rendered":"https:\/\/www.sibuscascoche.com\/noticias\/?p=13567"},"modified":"2018-10-09T09:41:23","modified_gmt":"2018-10-09T07:41:23","slug":"transportar-bicicletas-concesionario-galicia","status":"publish","type":"post","link":"https:\/\/www.sibuscascoche.com\/noticias\/2018\/transportar-bicicletas-concesionario-galicia\/","title":{"rendered":"\u00bfC\u00f3mo debemos transportar las bicicletas en el coche?"},"content":{"rendered":"<p style=\"text-align: justify;\">En los \u00faltimos a\u00f1os est\u00e1 aumentando el uso de la bicicleta pero seguimos teniendo dudas a la hora de transportarlas en nuestro veh\u00edculo. Hoy te traemos algunos consejos para que lo realices siempre de forma segura y legal pero para ampliar tu informaci\u00f3n puedes acercarte a tu <strong>Concesionario Galicia<\/strong>.<\/p>\n<p style=\"text-align: justify;\"><img loading=\"lazy\" decoding=\"async\" class=\"alignright size-full wp-image-13569\" alt=\"transporte bicicletas, portabicicletas, Concesionario Galicia\" src=\"https:\/\/www.sibuscascoche.com\/noticias\/wp-content\/uploads\/2018\/10\/transporte-bicicletas-maletero.jpg\" width=\"300\" height=\"200\" \/>En primer lugar debemos apuntar que la bici puede llevarse en el interior del coche pero siempre que est\u00e9 aislada del asiento de los pasajeros y correctamente sujeta. Un transporte incorrecto puede suponer una multa de 100 \u20ac pero adem\u00e1s, una bici de 14 kg puede golpear a los ocupantes del coche con una fuerza de 500 kg en un accidente a 56 km\/h. Ten en cuenta tambi\u00e9n que la bicicleta no puede obstaculizar la visibilidad ni los movimientos del conductor. Otra opci\u00f3n, si tienes un coche amplio, es guardarla en el maletero. Por otra parte te hablamos a continuaci\u00f3n de los diferentes tipos de portabicicletas exteriores:<\/p>\n<h5 style=\"text-align: justify;\">Portabicicletas de techo<\/h5>\n<p style=\"text-align: justify;\">Existen diferentes tipos bastante econ\u00f3micos, aunque requieren la instalaci\u00f3n de barras en el techo. Puedes dejarlo instalado cuando no lo utilices y el \u00fanico inconveniente es que aumenta la altura del veh\u00edculo y hace que sea menos eficiente debido a la p\u00e9rdida de coeficiente aerodin\u00e1mico.<\/p>\n<h5 style=\"text-align: justify;\">Portabicicletas de port\u00f3n<\/h5>\n<p style=\"text-align: justify;\">Es un sistema formado por barras articuladas que te permite llevar varias bicicletas en la parte trasera del coche. Tambi\u00e9n requiere instalaci\u00f3n y es un m\u00e9todo barato y muy extendido por la mayor comodidad para subir y bajar las bicis. Los inconvenientes son la imposibilidad de abrir el maletero con las bicis y que suele desmontarse cuando no se utiliza. Si te decantas por este tipo de soporte ten en cuenta que al llevar carga que sobresale tienes que se\u00f1alizarlo correctamente con una placa V20 y no puedes tapar la matr\u00edcula ni los pilotos traseros. Por otro lado, la carga nunca podr\u00e1 sobrepasar la anchura total del veh\u00edculo (incluidos retrovisores).<\/p>\n<h5 style=\"text-align: justify;\">Portabicicletas de gancho de remolque<\/h5>\n<p style=\"text-align: justify;\">Es uno de los m\u00e9todos m\u00e1s caros pero tambi\u00e9n m\u00e1s c\u00f3modo si lo utilizas con frecuencia. Tendr\u00e1s que instalar previamente una bola de remolque, y sobre ella se coloca la plataforma para colocar las bicis. Aunque aumenta la longitud del veh\u00edculo, te permite abrir el maletero sin problema.<\/p>\n<h5 style=\"text-align: justify;\">Portabicicletas integrado<\/h5>\n<p style=\"text-align: justify;\">Por el momento es un sistema s\u00f3lo instalado en los modelos de Opel, es similar al gancho de remolque pero viene integrado en el coche y no requiere ninguna instalaci\u00f3n.<\/p>\n<p style=\"text-align: justify;\">Por tu seguridad y todos los ocupantes del veh\u00edculo te aconsejamos que uses el m\u00e9todo que uses siempre transportes tus bicicletas de forma segura.<\/p>\n","protected":false},"excerpt":{"rendered":"<p>En los \u00faltimos a\u00f1os est\u00e1 aumentando el uso de la bicicleta pero seguimos teniendo dudas a la hora de transportarlas en nuestro veh\u00edculo. Hoy te traemos algunos consejos para que<\/p>\n","protected":false},"author":6,"featured_media":13570,"comment_status":"closed","ping_status":"open","sticky":false,"template":"","format":"standard","meta":{"footnotes":""},"categories":[6],"tags":[1289,1204,708],"class_list":["post-13567","post","type-post","status-publish","format-standard","has-post-thumbnail","hentry","category-mantenimiento-consejos","tag-concesionario-galicia","tag-portabicicletas","tag-transportar-bicicleta"],"_links":{"self":[{"href":"https:\/\/www.sibuscascoche.com\/noticias\/wp-json\/wp\/v2\/posts\/13567","targetHints":{"allow":["GET"]}}],"collection":[{"href":"https:\/\/www.sibuscascoche.com\/noticias\/wp-json\/wp\/v2\/posts"}],"about":[{"href":"https:\/\/www.sibuscascoche.com\/noticias\/wp-json\/wp\/v2\/types\/post"}],"author":[{"embeddable":true,"href":"https:\/\/www.sibuscascoche.com\/noticias\/wp-json\/wp\/v2\/users\/6"}],"replies":[{"embeddable":true,"href":"https:\/\/www.sibuscascoche.com\/noticias\/wp-json\/wp\/v2\/comments?post=13567"}],"version-history":[{"count":4,"href":"https:\/\/www.sibuscascoche.com\/noticias\/wp-json\/wp\/v2\/posts\/13567\/revisions"}],"predecessor-version":[{"id":13590,"href":"https:\/\/www.sibuscascoche.com\/noticias\/wp-json\/wp\/v2\/posts\/13567\/revisions\/13590"}],"wp:featuredmedia":[{"embeddable":true,"href":"https:\/\/www.sibuscascoche.com\/noticias\/wp-json\/wp\/v2\/media\/13570"}],"wp:attachment":[{"href":"https:\/\/www.sibuscascoche.com\/noticias\/wp-json\/wp\/v2\/media?parent=13567"}],"wp:term":[{"taxonomy":"category","embeddable":true,"href":"https:\/\/www.sibuscascoche.com\/noticias\/wp-json\/wp\/v2\/categories?post=13567"},{"taxonomy":"post_tag","embeddable":true,"href":"https:\/\/www.sibuscascoche.com\/noticias\/wp-json\/wp\/v2\/tags?post=13567"}],"curies":[{"name":"wp","href":"https:\/\/api.w.org\/{rel}","templated":true}]}}