{"id":13556,"date":"2018-10-09T09:25:55","date_gmt":"2018-10-09T07:25:55","guid":{"rendered":"https:\/\/www.sibuscascoche.com\/noticias\/?p=13556"},"modified":"2018-10-09T09:25:55","modified_gmt":"2018-10-09T07:25:55","slug":"taxis-cinturon-de-seguridad","status":"publish","type":"post","link":"https:\/\/www.sibuscascoche.com\/noticias\/2018\/taxis-cinturon-de-seguridad\/","title":{"rendered":"Los taxis y el cintur\u00f3n de seguridad"},"content":{"rendered":"<p style=\"text-align: justify;\">Todos hemos sido alguna vez o somos con frecuencia usuarios de un taxi, pero parece que la normativa acerca del uso del cintur\u00f3n de seguridad en este tipo de transportes sigue sin estar clara. \u00bfDebemos ponernos el cintur\u00f3n cuando utilizamos este servicio?<\/p>\n<p style=\"text-align: justify;\">La respuesta es afirmativa. Siempre que viajes como pasajero, tanto si est\u00e1s sentado delante como detr\u00e1s, tendr\u00e1s que utilizar esta medida de protecci\u00f3n. La sanci\u00f3n por no llevarlo puesto asciende a 200 euros, sin retirada de puntos para el conductor, ya que toda la responsabilidad recae en el usuario y no en el taxista. Por otro lado, el taxista est\u00e1 exento de utilizar el cintur\u00f3n cuando est\u00e9 de servicio y conduzca por v\u00edas urbanas. Esta normativa es com\u00fan para todos los profesionales del sector transportes, como profesores de autoescuela o conductores de servicios de urgencias. Este tipo de conductores tendr\u00e1n que ponerse el cintur\u00f3n siempre que conduzcan por autov\u00edas y\/o autopistas.<\/p>\n<p style=\"text-align: justify;\"><img loading=\"lazy\" decoding=\"async\" class=\"alignright size-full wp-image-13558\" alt=\"cintur\u00f3n de seguridad\" src=\"https:\/\/www.sibuscascoche.com\/noticias\/wp-content\/uploads\/2018\/10\/cintur\u00f3n-seguridad-tax-nocturno.jpg\" width=\"300\" height=\"200\" \/>Las \u00fanicas excepciones para no ponerse el cintur\u00f3n para el resto de los mortales son las siguientes:<\/p>\n<h5 style=\"text-align: justify;\">Razones m\u00e9dicas<\/h5>\n<p style=\"text-align: justify;\">Aquellos que est\u00e9n en posesi\u00f3n de un certificado de exenci\u00f3n por razones m\u00e9dicas no tendr\u00e1n que poner el cintur\u00f3n. Este certificado suele expedirse a personas con alg\u00fan tipo de discapacidad, problema f\u00edsico o impedimento grave.<\/p>\n<h5 style=\"text-align: justify;\">Menores<\/h5>\n<p style=\"text-align: justify;\">Los ni\u00f1os que midan menos de 1,35 metros tambi\u00e9n podr\u00e1n viajar sin cintur\u00f3n siempre que sea en los asientos traseros y por v\u00eda urbana. En otras circunstancias estos menores tienen que viajar obligatoriamente en una silla homologada a su peso y estatura. De no seguir la normativa los responsables, en este caso, ser\u00e1n los padres del menor.<\/p>\n<p style=\"text-align: justify;\">El cintur\u00f3n es una medida de protecci\u00f3n que debemos utilizar siempre, sin importar nuestra situaci\u00f3n en el veh\u00edculo, ya que mejora nuestra seguridad a bordo. Tanto si viajas en un taxi como en un veh\u00edculo particular te aconsejamos que no te olvides de llevarlo puesto porque puedes poner en riesgo tu vida.<\/p>\n","protected":false},"excerpt":{"rendered":"<p>Todos hemos sido alguna vez o somos con frecuencia usuarios de un taxi, pero parece que la normativa acerca del uso del cintur\u00f3n de seguridad en este tipo de transportes<\/p>\n","protected":false},"author":6,"featured_media":13559,"comment_status":"closed","ping_status":"open","sticky":false,"template":"","format":"standard","meta":{"footnotes":""},"categories":[6],"tags":[1291],"class_list":["post-13556","post","type-post","status-publish","format-standard","has-post-thumbnail","hentry","category-mantenimiento-consejos","tag-cinturon-de-seguridad"],"_links":{"self":[{"href":"https:\/\/www.sibuscascoche.com\/noticias\/wp-json\/wp\/v2\/posts\/13556","targetHints":{"allow":["GET"]}}],"collection":[{"href":"https:\/\/www.sibuscascoche.com\/noticias\/wp-json\/wp\/v2\/posts"}],"about":[{"href":"https:\/\/www.sibuscascoche.com\/noticias\/wp-json\/wp\/v2\/types\/post"}],"author":[{"embeddable":true,"href":"https:\/\/www.sibuscascoche.com\/noticias\/wp-json\/wp\/v2\/users\/6"}],"replies":[{"embeddable":true,"href":"https:\/\/www.sibuscascoche.com\/noticias\/wp-json\/wp\/v2\/comments?post=13556"}],"version-history":[{"count":3,"href":"https:\/\/www.sibuscascoche.com\/noticias\/wp-json\/wp\/v2\/posts\/13556\/revisions"}],"predecessor-version":[{"id":13586,"href":"https:\/\/www.sibuscascoche.com\/noticias\/wp-json\/wp\/v2\/posts\/13556\/revisions\/13586"}],"wp:featuredmedia":[{"embeddable":true,"href":"https:\/\/www.sibuscascoche.com\/noticias\/wp-json\/wp\/v2\/media\/13559"}],"wp:attachment":[{"href":"https:\/\/www.sibuscascoche.com\/noticias\/wp-json\/wp\/v2\/media?parent=13556"}],"wp:term":[{"taxonomy":"category","embeddable":true,"href":"https:\/\/www.sibuscascoche.com\/noticias\/wp-json\/wp\/v2\/categories?post=13556"},{"taxonomy":"post_tag","embeddable":true,"href":"https:\/\/www.sibuscascoche.com\/noticias\/wp-json\/wp\/v2\/tags?post=13556"}],"curies":[{"name":"wp","href":"https:\/\/api.w.org\/{rel}","templated":true}]}}