{"id":13467,"date":"2018-09-13T12:13:12","date_gmt":"2018-09-13T10:13:12","guid":{"rendered":"https:\/\/www.sibuscascoche.com\/noticias\/?p=13467"},"modified":"2018-09-13T12:21:09","modified_gmt":"2018-09-13T10:21:09","slug":"cambios-reglamento-vehiculos-luces-azules-vehiculos-emergencias","status":"publish","type":"post","link":"https:\/\/www.sibuscascoche.com\/noticias\/2018\/cambios-reglamento-vehiculos-luces-azules-vehiculos-emergencias\/","title":{"rendered":"Descubre los cambios en el Reglamento General de Veh\u00edculos"},"content":{"rendered":"<p style=\"text-align: justify;\">A comienzos del mes de agosto sal\u00eda publicada en el Bolet\u00edn Oficial del Estado la <strong>modificaci\u00f3n del Reglamento General de Veh\u00edculos<\/strong>, instaurando cambios sustanciales que entraron en vigor a partir de ese momento. Aqu\u00ed te contamos algunos de los m\u00e1s importantes.<\/p>\n<h5 style=\"text-align: justify;\"><strong><img loading=\"lazy\" decoding=\"async\" class=\"alignright size-full wp-image-13469\" alt=\"cambios reglamento general de veh\u00edculos, luces azules veh\u00edculos de emergencia\" src=\"https:\/\/www.sibuscascoche.com\/noticias\/wp-content\/uploads\/2018\/08\/reglamento-general-vehiculos-luces-azules.jpg\" width=\"300\" height=\"200\" \/>Luces de color azul para emergencias<\/strong><\/h5>\n<p style=\"text-align: justify;\">Una de las modificaciones m\u00e1s trascendentales es la unificaci\u00f3n en el color luminoso de los veh\u00edculos prioritarios en servicios de emergencias. A partir de ahora todos los veh\u00edculos de extinci\u00f3n de incendios, asistencia sanitaria y protecci\u00f3n civil-salvamento, deber\u00e1n llevar luces de color azul, similares a las utilizadas por los coches de polic\u00eda. Hasta este momento este tipo de autom\u00f3viles utilizaban luces de color amarillo auto, pero este cambio hab\u00eda sido reclamado por asociaciones y \u00f3rganos de las Administraciones P\u00fablicas, el Defensor del Pueblo y del Congreso de los Diputados durante muchos a\u00f1os. Estos organismos hab\u00edan llevado a cabo varias proposiciones no de ley y reivindicaciones por lo que es un cambio muy solicitado y necesario.<\/p>\n<p style=\"text-align: justify;\">Para cumplir esta normativa los titulares de este tipo de veh\u00edculos tienen un plazo de dos a\u00f1os, a partir de este momento nuestro pa\u00eds se equiparar\u00e1 a la normativa existente en la mayor\u00eda de estados de la Uni\u00f3n Europea.<\/p>\n<p style=\"text-align: justify;\">La luz azul tambi\u00e9n tendr\u00e1 que ser utilizada por veh\u00edculos lentos en la v\u00eda, no s\u00f3lo los que circulen a escasa velocidad, sino tambi\u00e9n los que est\u00e9n parados o realizando alg\u00fan servicio o trabajo en la v\u00eda.<\/p>\n<h5 style=\"text-align: justify;\">Otros cambios importantes<\/h5>\n<p style=\"text-align: justify;\">Con esta modificaci\u00f3n del Reglamento tambi\u00e9n se producen cambios en otros aspectos. Uno de los m\u00e1s significativos es el cambio en la tipolog\u00eda de los pick up, que hasta el momento se consideraba un cami\u00f3n y ahora pasar\u00e1n a ser un veh\u00edculo en el que est\u00e1 separado el habit\u00e1culo del espacio para la carga.<\/p>\n<p style=\"text-align: justify;\">Poco a poco iremos conociendo m\u00e1s detalles sobre esta nueva normativa, cambios importantes que buscan la mayor seguridad en la v\u00eda para todos los conductores.<\/p>\n","protected":false},"excerpt":{"rendered":"<p>A comienzos del mes de agosto sal\u00eda publicada en el Bolet\u00edn Oficial del Estado la modificaci\u00f3n del Reglamento General de Veh\u00edculos, instaurando cambios sustanciales que entraron en vigor a partir<\/p>\n","protected":false},"author":6,"featured_media":13470,"comment_status":"closed","ping_status":"open","sticky":false,"template":"","format":"standard","meta":{"footnotes":""},"categories":[1],"tags":[1285,1284],"class_list":["post-13467","post","type-post","status-publish","format-standard","has-post-thumbnail","hentry","category-actualidad","tag-luces-azules-vehiculos-emergencias","tag-reglamento-general-de-vehiculos"],"_links":{"self":[{"href":"https:\/\/www.sibuscascoche.com\/noticias\/wp-json\/wp\/v2\/posts\/13467","targetHints":{"allow":["GET"]}}],"collection":[{"href":"https:\/\/www.sibuscascoche.com\/noticias\/wp-json\/wp\/v2\/posts"}],"about":[{"href":"https:\/\/www.sibuscascoche.com\/noticias\/wp-json\/wp\/v2\/types\/post"}],"author":[{"embeddable":true,"href":"https:\/\/www.sibuscascoche.com\/noticias\/wp-json\/wp\/v2\/users\/6"}],"replies":[{"embeddable":true,"href":"https:\/\/www.sibuscascoche.com\/noticias\/wp-json\/wp\/v2\/comments?post=13467"}],"version-history":[{"count":6,"href":"https:\/\/www.sibuscascoche.com\/noticias\/wp-json\/wp\/v2\/posts\/13467\/revisions"}],"predecessor-version":[{"id":13501,"href":"https:\/\/www.sibuscascoche.com\/noticias\/wp-json\/wp\/v2\/posts\/13467\/revisions\/13501"}],"wp:featuredmedia":[{"embeddable":true,"href":"https:\/\/www.sibuscascoche.com\/noticias\/wp-json\/wp\/v2\/media\/13470"}],"wp:attachment":[{"href":"https:\/\/www.sibuscascoche.com\/noticias\/wp-json\/wp\/v2\/media?parent=13467"}],"wp:term":[{"taxonomy":"category","embeddable":true,"href":"https:\/\/www.sibuscascoche.com\/noticias\/wp-json\/wp\/v2\/categories?post=13467"},{"taxonomy":"post_tag","embeddable":true,"href":"https:\/\/www.sibuscascoche.com\/noticias\/wp-json\/wp\/v2\/tags?post=13467"}],"curies":[{"name":"wp","href":"https:\/\/api.w.org\/{rel}","templated":true}]}}