{"id":134,"date":"2013-09-15T17:57:29","date_gmt":"2013-09-15T15:57:29","guid":{"rendered":"https:\/\/www.sibuscascoche.com\/noticias\/?p=134"},"modified":"2013-10-02T13:37:43","modified_gmt":"2013-10-02T11:37:43","slug":"opel-se-reinventa-en-frankfurt","status":"publish","type":"post","link":"https:\/\/www.sibuscascoche.com\/noticias\/2013\/opel-se-reinventa-en-frankfurt\/","title":{"rendered":"Opel se reinventa en Frankfurt"},"content":{"rendered":"<p>Ya os coment\u00e1bamos en el art\u00edculo anterior que <a title=\"Volkswagen presenta el Nuevo Golf Sportsvan\" href=\"https:\/\/www.sibuscascoche.com\/noticias\/2013\/nuevo-golf-sportsvan-eficiencia-y-comodidad-de-serie\/\">Volkswagen presentar\u00eda su Nuevo Golf Sportsvan<\/a> en el Sal\u00f3n Internacional del Autom\u00f3vil de Frankfurt, pues bien, Opel tampoco se queda atr\u00e1s y tiene preparadas, para este mismo evento, siete primicias mundiales.<\/p>\n<p>El nuevo Opel Insignia OPC tiene un aspecto m\u00e1s moderno y es capaz de pasar de 0 a 100km\/h en 6 segundos, gracias a su motor 2.8 litros V6 de 325 CV\/239 kW con un par m\u00e1ximo de 435 Nm. Por otro lado, los amantes de la aventura podr\u00e1n disfrutar la premiere mundial del Insignia Country Tourer, que compartir\u00e1 espacio con la presentaci\u00f3n de los modelos berlina de cinco puertas, sed\u00e1n de cuatro puertas y Sports Tourer.<\/p>\n<p>El Concepto Monza, que debutar\u00e1 en Frankfurt, es un anticipo de los modelos que a\u00fan est\u00e1n por llegar y refleja la visi\u00f3n de Opel de la movilidad futura, basada en la eficiencia y la conectividad. Tambi\u00e9n el ADAM se renueva, los nuevos ADAM Black Link y \u00a0ADAM White Link se dar\u00e1n a conocer en este Sal\u00f3n Internacional del Autom\u00f3vil.<\/p>\n<p>Los nuevos motores, tanto el del Cabrio como la nueva familia de motores de gasolina, junto a la nueva caja de cambios de seis velocidades completar\u00e1n las novedades que Opel nos trae a este Sal\u00f3n de Frankfurt.<\/p>\n","protected":false},"excerpt":{"rendered":"<p>Ya os coment\u00e1bamos en el art\u00edculo anterior que Volkswagen presentar\u00eda su Nuevo Golf Sportsvan en el Sal\u00f3n Internacional del Autom\u00f3vil de Frankfurt, pues bien, Opel tampoco se queda atr\u00e1s y<\/p>\n","protected":false},"author":1,"featured_media":135,"comment_status":"closed","ping_status":"open","sticky":false,"template":"","format":"standard","meta":{"footnotes":""},"categories":[9,8],"tags":[41,40],"class_list":["post-134","post","type-post","status-publish","format-standard","has-post-thumbnail","hentry","category-eventos","category-lanzamientos","tag-opel","tag-salones-del-automovil"],"_links":{"self":[{"href":"https:\/\/www.sibuscascoche.com\/noticias\/wp-json\/wp\/v2\/posts\/134","targetHints":{"allow":["GET"]}}],"collection":[{"href":"https:\/\/www.sibuscascoche.com\/noticias\/wp-json\/wp\/v2\/posts"}],"about":[{"href":"https:\/\/www.sibuscascoche.com\/noticias\/wp-json\/wp\/v2\/types\/post"}],"author":[{"embeddable":true,"href":"https:\/\/www.sibuscascoche.com\/noticias\/wp-json\/wp\/v2\/users\/1"}],"replies":[{"embeddable":true,"href":"https:\/\/www.sibuscascoche.com\/noticias\/wp-json\/wp\/v2\/comments?post=134"}],"version-history":[{"count":12,"href":"https:\/\/www.sibuscascoche.com\/noticias\/wp-json\/wp\/v2\/posts\/134\/revisions"}],"predecessor-version":[{"id":569,"href":"https:\/\/www.sibuscascoche.com\/noticias\/wp-json\/wp\/v2\/posts\/134\/revisions\/569"}],"wp:featuredmedia":[{"embeddable":true,"href":"https:\/\/www.sibuscascoche.com\/noticias\/wp-json\/wp\/v2\/media\/135"}],"wp:attachment":[{"href":"https:\/\/www.sibuscascoche.com\/noticias\/wp-json\/wp\/v2\/media?parent=134"}],"wp:term":[{"taxonomy":"category","embeddable":true,"href":"https:\/\/www.sibuscascoche.com\/noticias\/wp-json\/wp\/v2\/categories?post=134"},{"taxonomy":"post_tag","embeddable":true,"href":"https:\/\/www.sibuscascoche.com\/noticias\/wp-json\/wp\/v2\/tags?post=134"}],"curies":[{"name":"wp","href":"https:\/\/api.w.org\/{rel}","templated":true}]}}