{"id":13389,"date":"2018-08-22T08:30:08","date_gmt":"2018-08-22T06:30:08","guid":{"rendered":"https:\/\/www.sibuscascoche.com\/noticias\/?p=13389"},"modified":"2025-07-16T10:56:39","modified_gmt":"2025-07-16T08:56:39","slug":"taxis-uber-matricula-azul-coches-de-segunda-mano","status":"publish","type":"post","link":"https:\/\/www.sibuscascoche.com\/noticias\/2018\/taxis-uber-matricula-azul-coches-de-segunda-mano\/","title":{"rendered":"Los taxis y veh\u00edculos de Uber se identificar\u00e1n con una matr\u00edcula azul"},"content":{"rendered":"<p>En <a href=\"https:\/\/www.sibuscascoche.com\/\">Sibuscascoche.com<\/a> queremos contaros que a partir del mes de este mes de agosto los <strong>taxis y veh\u00edculos de arrendamiento con conductor<\/strong> <strong>de hasta nueve plazas<\/strong>, como Uber o de uso compartido como <a href=\"https:\/\/www.sibuscascoche.com\/noticias\/2014\/compartir-coche-traves-de-blablacar-conllevara-multa\/\">BlaBlaCar <\/a>\u00a0tendr\u00e1n que adoptar las siguientes medidas que han sido publicadas por la Direcci\u00f3n General de Tr\u00e1fico (DGT) en el BOE.<\/p>\n<h2><span style=\"color: #000000;\"><strong>Matr\u00edcula trasera azul\u00a0<\/strong><\/span><\/h2>\n<p>Los taxis y veh\u00edculos que ofrecen servicios del tipo Uber, tendr\u00e1n que<strong> cambiar la placa de la matr\u00edcula trasera\u00a0<\/strong>por una con fondo de <strong>color azul y caracteres en blanco.<\/strong><br \/>\nSeg\u00fan informa la DGT, este cambio viene impulsado como medida para identificar a estos <strong>veh\u00edculos de transporte p\u00fablico<\/strong> y evitar el incremento del intrusismo y la pirater\u00eda en el sector.<br \/>\nLos titulares de los veh\u00edculos matriculados con anterioridad a la entrada en vigor de esta orden dispondr\u00e1n de un <strong>plazo de un a\u00f1o<\/strong> para cambiar la placa de matr\u00edcula trasera actual por la de color azul y en ning\u00fan caso se modificar\u00e1 la numeraci\u00f3n de la matr\u00edcula.<\/p>\n<p><span style=\"color: #000000;\"><strong style=\"font-size: 1.5em;\">V-26: distintivo de uso compartido<\/strong><\/span><\/p>\n<p style=\"text-align: right;\"><img loading=\"lazy\" decoding=\"async\" class=\"alignright size-full wp-image-13394 alignnone\" src=\"https:\/\/www.sibuscascoche.com\/noticias\/wp-content\/uploads\/2018\/08\/distintivo-v26-vehiculo-compartido.jpg\" alt=\"distintivo-v26-vehiculo-compartido\" width=\"300\" height=\"200\" \/><\/p>\n<p>Los <strong>veh\u00edculos de uso compartido<\/strong> tendr\u00e1n que llevar la etiqueta \u201cV-26\u201d, lo que permitir\u00e1 a las Administraciones P\u00fablicas identificar a este tipo de veh\u00edculos y adoptar medidas para favorecer el uso de este tipo de transporte.\u00a0Cada <strong>Administraci\u00f3n P\u00fablica podr\u00e1 establecer la obligatoriedad de la utilizaci\u00f3n del distintivo de uso compartido.<\/strong> Debe colocarse en el \u00e1ngulo superior izquierdo del parabrisas del veh\u00edculo y si \u00e9ste no dispone de parabrisas, en un sitio bien visible.<\/p>\n<h2><span style=\"color: #000000;\"><strong>Otros cambios<\/strong><\/span><\/h2>\n<p>La se\u00f1al luminosa de los<strong> veh\u00edculos prioritarios<\/strong> (extinci\u00f3n de incendios, asistencia sanitaria y protecci\u00f3n civil-salvamento) se unificar\u00e1 en un mismo color: el azul.<br \/>\nCon esta medida Espa\u00f1a se equipara a la normativa existente en la mayor\u00eda de los Estados de la Uni\u00f3n Europea. De este modo, los<strong> rotativos de color azul<\/strong> se reservan para la se\u00f1al luminosa de todos los veh\u00edculos prioritarios en servicios de emergencia y el amarillo para la de los veh\u00edculos que constituyen un obst\u00e1culo en la v\u00eda, lo que contribuye a mejorar la movilidad.<\/p>\n","protected":false},"excerpt":{"rendered":"<p>En Sibuscascoche.com queremos contaros que a partir del mes de este mes de agosto los taxis y veh\u00edculos de arrendamiento con conductor de hasta nueve plazas, como Uber o de<\/p>\n","protected":false},"author":1,"featured_media":13393,"comment_status":"closed","ping_status":"open","sticky":false,"template":"","format":"standard","meta":{"footnotes":""},"categories":[1,7],"tags":[132,196],"class_list":["post-13389","post","type-post","status-publish","format-standard","has-post-thumbnail","hentry","category-actualidad","category-turismos","tag-dgt","tag-normativa"],"_links":{"self":[{"href":"https:\/\/www.sibuscascoche.com\/noticias\/wp-json\/wp\/v2\/posts\/13389","targetHints":{"allow":["GET"]}}],"collection":[{"href":"https:\/\/www.sibuscascoche.com\/noticias\/wp-json\/wp\/v2\/posts"}],"about":[{"href":"https:\/\/www.sibuscascoche.com\/noticias\/wp-json\/wp\/v2\/types\/post"}],"author":[{"embeddable":true,"href":"https:\/\/www.sibuscascoche.com\/noticias\/wp-json\/wp\/v2\/users\/1"}],"replies":[{"embeddable":true,"href":"https:\/\/www.sibuscascoche.com\/noticias\/wp-json\/wp\/v2\/comments?post=13389"}],"version-history":[{"count":9,"href":"https:\/\/www.sibuscascoche.com\/noticias\/wp-json\/wp\/v2\/posts\/13389\/revisions"}],"predecessor-version":[{"id":18157,"href":"https:\/\/www.sibuscascoche.com\/noticias\/wp-json\/wp\/v2\/posts\/13389\/revisions\/18157"}],"wp:featuredmedia":[{"embeddable":true,"href":"https:\/\/www.sibuscascoche.com\/noticias\/wp-json\/wp\/v2\/media\/13393"}],"wp:attachment":[{"href":"https:\/\/www.sibuscascoche.com\/noticias\/wp-json\/wp\/v2\/media?parent=13389"}],"wp:term":[{"taxonomy":"category","embeddable":true,"href":"https:\/\/www.sibuscascoche.com\/noticias\/wp-json\/wp\/v2\/categories?post=13389"},{"taxonomy":"post_tag","embeddable":true,"href":"https:\/\/www.sibuscascoche.com\/noticias\/wp-json\/wp\/v2\/tags?post=13389"}],"curies":[{"name":"wp","href":"https:\/\/api.w.org\/{rel}","templated":true}]}}