{"id":13267,"date":"2018-08-13T09:07:43","date_gmt":"2018-08-13T07:07:43","guid":{"rendered":"https:\/\/www.sibuscascoche.com\/noticias\/?p=13267"},"modified":"2018-08-14T14:34:33","modified_gmt":"2018-08-14T12:34:33","slug":"descubre-el-nuevo-audi-q8-concesionario-galicia","status":"publish","type":"post","link":"https:\/\/www.sibuscascoche.com\/noticias\/2018\/descubre-el-nuevo-audi-q8-concesionario-galicia\/","title":{"rendered":"Descubre el nuevo Audi Q8"},"content":{"rendered":"<p dir=\"ltr\">Hasta principios de oto\u00f1o no podr\u00e1s encontrarlo en ning\u00fan concesionario de Galicia, no obstante, en este art\u00edculo te daremos un adelanto del nuevo Audi Q8. Siguiendo la l\u00ednea de la gama Q, el Audi Q8 a\u00fana las caracter\u00edsticas de un coup\u00e9 de lujo de cuatro puertas con la versatilidad de un SUV. Incluye un equipamiento de lo m\u00e1s completo y perfectamente adaptado a la cambiante climatolog\u00eda.<\/p>\n<p dir=\"ltr\"><strong>Vers\u00e1til, deportivo y elegante<\/strong><\/p>\n<p dir=\"ltr\">Sus medidas ya impresionan: 4.986 mm de longitud, 1.995 mm de ancho y 1.705 mm de alto. Hablamos de un coche deportivo que goza de gran prestigio. Aunque parece m\u00e1s bajo que el modelo anterior, el Q7, el Q8 dispone de m\u00e1s espacio y permite montar en la parte de atr\u00e1s, tres asientos individuales con regulaci\u00f3n longitudinal. Gracias a ello, el maletero dispone de un volumen de 1.755 litros.<\/p>\n<p dir=\"ltr\"><strong>Dise\u00f1o exterior<\/strong><\/p>\n<p style=\"text-align: right;\"><img loading=\"lazy\" decoding=\"async\" class=\"alignright size-full wp-image-13269 alignnone\" alt=\"concesionario galicia \" src=\"https:\/\/www.sibuscascoche.com\/noticias\/wp-content\/uploads\/2018\/07\/q8.jpg\" width=\"300\" height=\"200\" \/><\/p>\n<p dir=\"ltr\">Dispone de un spoiler inclinado hacia la parte delantera con grandes entradas de aire, d\u00e1ndole un aspecto m\u00e1s agresivo que el resto de la familia Q. Adem\u00e1s del spoiler, las molduras de los pasos de rueda y de las puertas y el difusor, tienen un acabado en un color de contraste, acentuando as\u00ed el aspecto de todoterreno.<\/p>\n<p dir=\"ltr\">Incluye de serie faros LED y opcional la tecnolog\u00eda HD Matrix LED. Los conductores del Audi Q8 tienen la opci\u00f3n de poder utilizar la aplicaci\u00f3n myAudi en sus m\u00f3viles y as\u00ed activar las funciones de iluminaci\u00f3n.<\/p>\n<p dir=\"ltr\"><strong>Dise\u00f1o interior<\/strong><\/p>\n<p dir=\"ltr\">Con el objetivo de facilitar la conducci\u00f3n, Audi aboga por s\u00edmbolos simples y f\u00e1ciles de entender. El elemento central es una pantalla con apariencia black panel que se vuelve oscura cuando el sistema est\u00e1 apagado.<\/p>\n<p dir=\"ltr\">En la oscuridad, la iluminaci\u00f3n del contorno proporciona retroiluminaci\u00f3n al logo quattro tridimensional grabado en l\u00e1ser sobre la guantera, un ejemplo m\u00e1s del gusto por los detalles de Audi. Adem\u00e1s, incluye opciones como asientos con funci\u00f3n de masaje y ventilaci\u00f3n, climatizador de cuatro zonas y el paquete air quality para mejorar el ambiente del interior.<\/p>\n<p dir=\"ltr\"><strong>Suspensi\u00f3n y tracci\u00f3n<\/strong><\/p>\n<p dir=\"ltr\">El Q8 est\u00e1 considerado el SUV tope de gama de Audi. \u00a0El diferencial central mec\u00e1nico transfiere la fuerza entre los ejes delantero y trasero en una proporci\u00f3n 40:60. Adem\u00e1s, si es necesario, env\u00eda la mayor parte de la potencia al eje que disponga de mejor tracci\u00f3n.<\/p>\n<p>La suspensi\u00f3n con regulaci\u00f3n de dureza (damper control) viene de serie, y ofrece opcionalmente la suspensi\u00f3n neum\u00e1tica adaptativa con ajuste de confort o deportivo, permitiendo variar la altura de la carrocer\u00eda dependiendo de la situaci\u00f3n de conducci\u00f3n hasta en 90 mm.<\/p>\n<p dir=\"ltr\">Todos los motores son eficientes gracias a la tecnolog\u00eda Mild-Hybrid, que permiten recuperar hasta 12 kW de energ\u00eda durante la frenada. Adem\u00e1s, permite largas fases de circulaci\u00f3n en modo de marcha por inercia con el motor desactivado.<\/p>\n<p dir=\"ltr\"><strong>Sistemas de asistencia a la conducci\u00f3n<\/strong><\/p>\n<p dir=\"ltr\">El Audi Q8 incluye, de serie, el sistema MMI Navegaci\u00f3n plus, que utiliza el est\u00e1ndar LTE Advanced para la transmisi\u00f3n de datos y punto Wi-Fi. Este navegador aporta una serie de sugerencias una vez que reconoce las preferencias del conductor, basadas en trayectos anteriores ya realizados.<\/p>\n<p dir=\"ltr\">Adem\u00e1s, la llave opcional Audi connect key permite abrir y cerrar el veh\u00edculo desde un m\u00f3vil Android, y la aplicaci\u00f3n myAudi permite a los conductores enviar destinos de navegaci\u00f3n, m\u00fasica o citas del calendario desde el m\u00f3vil hasta el sistema MMI.<\/p>\n<p dir=\"ltr\">Entre los sistemas de ayuda a la conducci\u00f3n se incluye el control de crucero adaptativo, el asistente de eficiencia, el asistente de cruce, el sistema de alerta por cambio involuntario de carril (lane change warning), el asistente de bordillos (curb warning) y la c\u00e1mara 360 grados. Tambi\u00e9n permite, bajo la supervisi\u00f3n del conductor, entrar y salir de un garaje de forma aut\u00f3noma. Aunque pueda resultar arriesgado, el veh\u00edculo cuenta con hasta cinco sensores de radar, seis c\u00e1maras, doce sensores ultras\u00f3nicos y un esc\u00e1ner l\u00e1ser.<\/p>\n<p>&nbsp;<\/p>\n","protected":false},"excerpt":{"rendered":"<p>Hasta principios de oto\u00f1o no podr\u00e1s encontrarlo en ning\u00fan concesionario de Galicia, no obstante, en este art\u00edculo te daremos un adelanto del nuevo Audi Q8. Siguiendo la l\u00ednea de la<\/p>\n","protected":false},"author":6,"featured_media":13270,"comment_status":"closed","ping_status":"open","sticky":false,"template":"","format":"standard","meta":{"footnotes":""},"categories":[1],"tags":[],"class_list":["post-13267","post","type-post","status-publish","format-standard","has-post-thumbnail","hentry","category-actualidad"],"_links":{"self":[{"href":"https:\/\/www.sibuscascoche.com\/noticias\/wp-json\/wp\/v2\/posts\/13267","targetHints":{"allow":["GET"]}}],"collection":[{"href":"https:\/\/www.sibuscascoche.com\/noticias\/wp-json\/wp\/v2\/posts"}],"about":[{"href":"https:\/\/www.sibuscascoche.com\/noticias\/wp-json\/wp\/v2\/types\/post"}],"author":[{"embeddable":true,"href":"https:\/\/www.sibuscascoche.com\/noticias\/wp-json\/wp\/v2\/users\/6"}],"replies":[{"embeddable":true,"href":"https:\/\/www.sibuscascoche.com\/noticias\/wp-json\/wp\/v2\/comments?post=13267"}],"version-history":[{"count":5,"href":"https:\/\/www.sibuscascoche.com\/noticias\/wp-json\/wp\/v2\/posts\/13267\/revisions"}],"predecessor-version":[{"id":13399,"href":"https:\/\/www.sibuscascoche.com\/noticias\/wp-json\/wp\/v2\/posts\/13267\/revisions\/13399"}],"wp:featuredmedia":[{"embeddable":true,"href":"https:\/\/www.sibuscascoche.com\/noticias\/wp-json\/wp\/v2\/media\/13270"}],"wp:attachment":[{"href":"https:\/\/www.sibuscascoche.com\/noticias\/wp-json\/wp\/v2\/media?parent=13267"}],"wp:term":[{"taxonomy":"category","embeddable":true,"href":"https:\/\/www.sibuscascoche.com\/noticias\/wp-json\/wp\/v2\/categories?post=13267"},{"taxonomy":"post_tag","embeddable":true,"href":"https:\/\/www.sibuscascoche.com\/noticias\/wp-json\/wp\/v2\/tags?post=13267"}],"curies":[{"name":"wp","href":"https:\/\/api.w.org\/{rel}","templated":true}]}}