{"id":13261,"date":"2018-08-13T09:01:29","date_gmt":"2018-08-13T07:01:29","guid":{"rendered":"https:\/\/www.sibuscascoche.com\/noticias\/?p=13261"},"modified":"2018-08-14T14:14:00","modified_gmt":"2018-08-14T12:14:00","slug":"volkswagen-amarok-estrena-versiones-potentes-exclusivas","status":"publish","type":"post","link":"https:\/\/www.sibuscascoche.com\/noticias\/2018\/volkswagen-amarok-estrena-versiones-potentes-exclusivas\/","title":{"rendered":"El Volkswagen Amarok estrena versiones m\u00e1s potentes y exclusivas"},"content":{"rendered":"<p dir=\"ltr\">Es probable que a\u00fan no lo hayas visto en ning\u00fan concesionario en Galicia, y es que el Volkswagen Amarok estrena motor V6 TDI 3.0 de 190 kW (258 CV), lo que supone una de las novedades de la marca, con un equipamiento de serie que estrena varias versiones: Premium, Highline y Aventura, adem\u00e1s de mayor amplitud.<\/p>\n<p><img loading=\"lazy\" decoding=\"async\" class=\"alignright size-full wp-image-13263\" alt=\"concesionario galicia \" src=\"https:\/\/www.sibuscascoche.com\/noticias\/wp-content\/uploads\/2018\/07\/amarok-gps.jpg\" width=\"300\" height=\"200\" \/><\/p>\n<p dir=\"ltr\">Fue expuesto en el \u00faltimo Sal\u00f3n del Autom\u00f3vil de Frankfurt y ya est\u00e1 disponible en la versi\u00f3n comercial, con un motor mucho m\u00e1s potente. El nuevo motor V6 TDI con una potencia de 190 kW (258 CV), m\u00e1s un overboost de 13,6 CV y hasta 580 Nm de par motor, ya est\u00e1 a tu disposici\u00f3n en la versi\u00f3n Amarok Aventura, que es la m\u00e1s exclusiva de la linea.<\/p>\n<p dir=\"ltr\">Adem\u00e1s de estrenar motor, el Amarok tambi\u00e9n ofrece otras novedades. Las versiones Highline y Aventura ofrecen la opci\u00f3n de equipar elementos interiores del techo en negro titanio. No obstante, la pintura metalizada Peacock Green estar\u00e1 \u00fanicamente disponible en el Aventura de 258 CV, ofreciendo una imagen m\u00e1s deportiva. Para el resto de gamas, siguen disponibles el acabado en pintura mate (Indium Grey o Ravenna Blue) y la pintura metalizada Ravenna Blue.<\/p>\n<p dir=\"ltr\">Estos nuevos modelos llegar\u00e1n a los concesionarios Volkswagen Veh\u00edculos Comerciales a partir de agosto de 2018, no obstante, ya se aceptan pedidos. Tambi\u00e9n informan que el precio de salida del nuevo Volkswagen Amarok es de 46.060 \u20ac, precio sin impuestos ni descuentos comerciales.<\/p>\n<p>&nbsp;<\/p>\n","protected":false},"excerpt":{"rendered":"<p>Es probable que a\u00fan no lo hayas visto en ning\u00fan concesionario en Galicia, y es que el Volkswagen Amarok estrena motor V6 TDI 3.0 de 190 kW (258 CV), lo<\/p>\n","protected":false},"author":6,"featured_media":13264,"comment_status":"closed","ping_status":"open","sticky":false,"template":"","format":"standard","meta":{"footnotes":""},"categories":[1],"tags":[],"class_list":["post-13261","post","type-post","status-publish","format-standard","has-post-thumbnail","hentry","category-actualidad"],"_links":{"self":[{"href":"https:\/\/www.sibuscascoche.com\/noticias\/wp-json\/wp\/v2\/posts\/13261","targetHints":{"allow":["GET"]}}],"collection":[{"href":"https:\/\/www.sibuscascoche.com\/noticias\/wp-json\/wp\/v2\/posts"}],"about":[{"href":"https:\/\/www.sibuscascoche.com\/noticias\/wp-json\/wp\/v2\/types\/post"}],"author":[{"embeddable":true,"href":"https:\/\/www.sibuscascoche.com\/noticias\/wp-json\/wp\/v2\/users\/6"}],"replies":[{"embeddable":true,"href":"https:\/\/www.sibuscascoche.com\/noticias\/wp-json\/wp\/v2\/comments?post=13261"}],"version-history":[{"count":7,"href":"https:\/\/www.sibuscascoche.com\/noticias\/wp-json\/wp\/v2\/posts\/13261\/revisions"}],"predecessor-version":[{"id":13398,"href":"https:\/\/www.sibuscascoche.com\/noticias\/wp-json\/wp\/v2\/posts\/13261\/revisions\/13398"}],"wp:featuredmedia":[{"embeddable":true,"href":"https:\/\/www.sibuscascoche.com\/noticias\/wp-json\/wp\/v2\/media\/13264"}],"wp:attachment":[{"href":"https:\/\/www.sibuscascoche.com\/noticias\/wp-json\/wp\/v2\/media?parent=13261"}],"wp:term":[{"taxonomy":"category","embeddable":true,"href":"https:\/\/www.sibuscascoche.com\/noticias\/wp-json\/wp\/v2\/categories?post=13261"},{"taxonomy":"post_tag","embeddable":true,"href":"https:\/\/www.sibuscascoche.com\/noticias\/wp-json\/wp\/v2\/tags?post=13261"}],"curies":[{"name":"wp","href":"https:\/\/api.w.org\/{rel}","templated":true}]}}