{"id":1316,"date":"2014-02-03T12:23:02","date_gmt":"2014-02-03T11:23:02","guid":{"rendered":"https:\/\/www.sibuscascoche.com\/noticias\/?p=1316"},"modified":"2014-02-06T10:33:00","modified_gmt":"2014-02-06T09:33:00","slug":"mercedes-clase-a-seguro-fiable","status":"publish","type":"post","link":"https:\/\/www.sibuscascoche.com\/noticias\/2014\/mercedes-clase-a-seguro-fiable\/","title":{"rendered":"Mercedes Clase A, seguro y fiable"},"content":{"rendered":"<p style=\"text-align: justify;\"><span style=\"line-height: 1.5em;\">En el a\u00f1o 1997 nac\u00eda el primer modelo del <\/span><b style=\"line-height: 1.5em;\">Mercedes Benz Clase A<\/b><span style=\"line-height: 1.5em;\">, un veh\u00edculo del segmento C destinado a convertirse en todo cl\u00e1sico de la firma. Cabe destacar que en su momento fue un coche pionero dentro de la marca por ser el \u00fanico modelo con tracci\u00f3n delantera. Pero adem\u00e1s consigui\u00f3 pasar a la historia como el primer coche dotado de <\/span><b style=\"line-height: 1.5em;\">control de estabilidad.<\/b><span style=\"line-height: 1.5em;\"> No obstante, desde su aparici\u00f3n en el mercado hasta hoy Mercedes ha sacado al mercado ya tres generaciones de la Clase A. El \u00faltimo modelo en 2012.<\/span><\/p>\n<p style=\"text-align: justify;\"><em><\/em><img loading=\"lazy\" decoding=\"async\" class=\"alignright size-full wp-image-1354\" alt=\"Mercedes Clase A, coche km0\" src=\"https:\/\/www.sibuscascoche.com\/noticias\/wp-content\/uploads\/2014\/02\/mercedes-clase-a-km0.jpg\" width=\"300\" height=\"191\" \/>Este modelo fue uno de los m\u00e1s esperados del mercado debido a la transformaci\u00f3n radical que llev\u00f3 a cabo Mercedes con respecto a sus predecesores. Y es que en los \u00faltimos a\u00f1os, la firma alemana ha apostado fuertemente por una <b>est\u00e9tica mucho m\u00e1s deportiva<\/b> que adem\u00e1s ha llevado tambi\u00e9n al aspecto funcional. De hecho, las l\u00edneas de del modelo poco tienen que ver con las de versiones pasadas. Este nuevo veh\u00edculo cuenta con una carrocer\u00eda compacta estilo coup\u00e9 y ha reducido su altura en 16 cm, destacando adem\u00e1s por su aspecto musculoso, tanto en la parte delantera como en la trasera.<\/p>\n<p style=\"text-align: justify;\">Sin embargo, este estilo no queda solamente en el exterior, sino que Mercedes tambi\u00e9n lo ha llevado hasta el interior del propio coche que cuenta con excelentes acabados y materiales de calidad que adem\u00e1s de darle un aire totalmente deportivo, nos recuerdan que estamos dentro de un veh\u00edculo Premium. Por otro lado, cabe destacar que los asientos del <b>Mercedes Clase A 2012<\/b> son c\u00f3modos y espaciosos.<\/p>\n<p style=\"text-align: justify;\">En cualquier caso, dejando atr\u00e1s la cuesti\u00f3n est\u00e9tica, lo que m\u00e1s llama la atenci\u00f3n del coche es su sistema de conducci\u00f3n. Dotado de tracci\u00f3n delantera, cuenta con un gran aplomo a la hora de circular por cualquier tipo de carretera, incluso por aquellas m\u00e1s estrechas. Con lo cual resulta un <b>coche muy seguro y fiable.<\/b><\/p>\n<p style=\"text-align: justify;\">En cuanto a las caracter\u00edsticas del veh\u00edculo en lo que a <b>motor <\/b>se refiere, \u00e9ste cuenta con una potencia de 115, 156 y 211 CV en su versi\u00f3n de gasolina y de 109 y 136 en sus versiones de turbodi\u00e9sel. Consumiendo como m\u00ednimo 1,6 litros y 2,2 litros como m\u00e1ximo por cada 100 kil\u00f3metros. Pero lo que realmente destaca es que este coche solamente emite 99 gramos de CO2 por kil\u00f3metro, con lo cual es adem\u00e1s un coche <b>respetuoso con el medio ambiente.<\/b><\/p>\n<p style=\"text-align: justify;\">Cabe destacar adem\u00e1s que el coche est\u00e1 dotado con sistemas como el Attention Assistant, el asistente de arranque pendiente o la funci\u00f3n Hold del freno, y de manera opcional el Distronic Plus, luces adaptativas, mantenimiento de carril, asistentes de \u00e1ngulo muerto y c\u00e1mara de marcha atr\u00e1s.<\/p>\n<p style=\"text-align: justify;\">Adem\u00e1s parece que los nuevos cambios no van a ser pasajeros sino que van a convertirse en algo habitual dentro de la firma. Una est\u00e9tica mucho m\u00e1s deportiva y con l\u00edneas m\u00e1s fluidas. En cualquier caso, gracias a ellos, <b>Mercedes <\/b>ha conseguido que su modelo transmita una mayor sensaci\u00f3n de <b>seguridad al volante.\u00a0<\/b><\/p>\n","protected":false},"excerpt":{"rendered":"<p>En el a\u00f1o 1997 nac\u00eda el primer modelo del Mercedes Benz Clase A, un veh\u00edculo del segmento C destinado a convertirse en todo cl\u00e1sico de la firma. Cabe destacar que<\/p>\n","protected":false},"author":1,"featured_media":1320,"comment_status":"closed","ping_status":"open","sticky":false,"template":"","format":"standard","meta":{"footnotes":""},"categories":[7],"tags":[66,143],"class_list":["post-1316","post","type-post","status-publish","format-standard","has-post-thumbnail","hentry","category-turismos","tag-compacto","tag-mercedes"],"_links":{"self":[{"href":"https:\/\/www.sibuscascoche.com\/noticias\/wp-json\/wp\/v2\/posts\/1316","targetHints":{"allow":["GET"]}}],"collection":[{"href":"https:\/\/www.sibuscascoche.com\/noticias\/wp-json\/wp\/v2\/posts"}],"about":[{"href":"https:\/\/www.sibuscascoche.com\/noticias\/wp-json\/wp\/v2\/types\/post"}],"author":[{"embeddable":true,"href":"https:\/\/www.sibuscascoche.com\/noticias\/wp-json\/wp\/v2\/users\/1"}],"replies":[{"embeddable":true,"href":"https:\/\/www.sibuscascoche.com\/noticias\/wp-json\/wp\/v2\/comments?post=1316"}],"version-history":[{"count":6,"href":"https:\/\/www.sibuscascoche.com\/noticias\/wp-json\/wp\/v2\/posts\/1316\/revisions"}],"predecessor-version":[{"id":1356,"href":"https:\/\/www.sibuscascoche.com\/noticias\/wp-json\/wp\/v2\/posts\/1316\/revisions\/1356"}],"wp:featuredmedia":[{"embeddable":true,"href":"https:\/\/www.sibuscascoche.com\/noticias\/wp-json\/wp\/v2\/media\/1320"}],"wp:attachment":[{"href":"https:\/\/www.sibuscascoche.com\/noticias\/wp-json\/wp\/v2\/media?parent=1316"}],"wp:term":[{"taxonomy":"category","embeddable":true,"href":"https:\/\/www.sibuscascoche.com\/noticias\/wp-json\/wp\/v2\/categories?post=1316"},{"taxonomy":"post_tag","embeddable":true,"href":"https:\/\/www.sibuscascoche.com\/noticias\/wp-json\/wp\/v2\/tags?post=1316"}],"curies":[{"name":"wp","href":"https:\/\/api.w.org\/{rel}","templated":true}]}}