{"id":13017,"date":"2018-05-07T17:37:30","date_gmt":"2018-05-07T15:37:30","guid":{"rendered":"https:\/\/www.sibuscascoche.com\/noticias\/?p=13017"},"modified":"2018-05-07T17:37:30","modified_gmt":"2018-05-07T15:37:30","slug":"cuales-son-seat-no-olvidaras-comprar-coche","status":"publish","type":"post","link":"https:\/\/www.sibuscascoche.com\/noticias\/2018\/cuales-son-seat-no-olvidaras-comprar-coche\/","title":{"rendered":"\u00bfCu\u00e1les son los Seat que no olvidar\u00e1s?"},"content":{"rendered":"<p><b><span style=\"color: #0071b9;\"><a title=\"Comprar Seat | Sibuscascoche.com\" href=\"https:\/\/www.sibuscascoche.com\/coches-ocasion\/seat\"><span style=\"color: #0071b9;\">Seat<\/span><\/a><\/span>\u00a0<\/b>es la <b>marca espa\u00f1ola<\/b> de coches por excelencia, la Sociedad Espa\u00f1ola de Autom\u00f3viles de Turismo naci\u00f3 en <b>1950<\/b> y hoy en d\u00eda sigue operando a pleno rendimiento. En sus primeros a\u00f1os con el <b>apoyo de Fiat<\/b> y desde los 80 hasta la actualidad <b>formando parte del Grupo Volkswagen<\/b> esta marca ha fabricado coches que se han convertido en iconos de su \u00e9poca \u00bfqui\u00e9n no recuerda el m\u00edtico 600? \u00bfCu\u00e1les son los Seat m\u00e1s representativos?<\/p>\n<ul>\n<li><b><img loading=\"lazy\" decoding=\"async\" class=\"alignright size-full wp-image-13021\" alt=\"Seat Le\u00f3n, comprar coche\" src=\"https:\/\/www.sibuscascoche.com\/noticias\/wp-content\/uploads\/2018\/04\/comprar-seat.jpg\" width=\"300\" height=\"200\" \/>Seat 1400. <\/b>Aunque no sea al Seat m\u00e1s conocido el 1400 <b>pas\u00f3 a la historia por ser el primero<\/b>, nac\u00eda en 1953 como un coche grande para toda la familia y <b>vendi\u00f3 100.000 unidades.<\/b><\/li>\n<li><b>Seat 600. <\/b>\u00bfQu\u00e9 decirte que no sepas ya del famoso 600? La empresa espa\u00f1ola ten\u00eda un claro objetivo con este modelo: <b>motorizar Espa\u00f1a <\/b>y lo consigui\u00f3. Este modelo de 1957 ha sido el primer coche para muchos, era <b>econ\u00f3mico y ligero<\/b>, supuso toda una revoluci\u00f3n para su \u00e9poca. Lleg\u00f3 a haber m\u00e1s demanda que coches y se <b>vendieron 800.000 unidades<\/b>.<\/li>\n<li><b>Seat Panda. <\/b>El Panda es el segundo coche m\u00e1s caracter\u00edstico de la marca, era <b>peque\u00f1o y con mucha personalidad<\/b>, un aut\u00e9ntico <b>icono de los 80<\/b> que nos suena hasta de alguna conocida canci\u00f3n. Este modelo <b>cambiaba su nombre a Seat Marbella<\/b> al pasar la marca espa\u00f1ola a formar parte del Grupo Volkswagen y estuvo en venta hasta 1998 \u00a1seguro que todav\u00eda ves alguno por las calles!<\/li>\n<li><b>Seat Ibiza. <\/b>El Ibiza <b>nac\u00eda en los 80 y se mantiene en la actualidad<\/b>, este modelo es pasado y presente de Seat. Con <b>m\u00e1s de cinco millones de unidades vendidas <\/b>y que este mismo a\u00f1o presentaba su quinta generaci\u00f3n.<\/li>\n<li><b>Seat Le\u00f3n. <\/b>El Le\u00f3n enamor\u00f3 a montones de compradores en su lanzamiento gracias a su <b>dise\u00f1o deportivo, de l\u00edneas agresivas<\/b>. Hoy en d\u00eda se ofrece con multitud de versiones y potencias. Se encuentra en su <b>tercera generaci\u00f3n<\/b>, es un turismo vers\u00e1til que compite en el mercado de igual a igual con otras grandes marcas internacionales.<\/li>\n<\/ul>\n","protected":false},"excerpt":{"rendered":"<p>Seat\u00a0es la marca espa\u00f1ola de coches por excelencia, la Sociedad Espa\u00f1ola de Autom\u00f3viles de Turismo naci\u00f3 en 1950 y hoy en d\u00eda sigue operando a pleno rendimiento. En sus primeros<\/p>\n","protected":false},"author":6,"featured_media":13020,"comment_status":"closed","ping_status":"open","sticky":false,"template":"","format":"standard","meta":{"footnotes":""},"categories":[1],"tags":[145,117],"class_list":["post-13017","post","type-post","status-publish","format-standard","has-post-thumbnail","hentry","category-actualidad","tag-clasicos","tag-seat"],"_links":{"self":[{"href":"https:\/\/www.sibuscascoche.com\/noticias\/wp-json\/wp\/v2\/posts\/13017","targetHints":{"allow":["GET"]}}],"collection":[{"href":"https:\/\/www.sibuscascoche.com\/noticias\/wp-json\/wp\/v2\/posts"}],"about":[{"href":"https:\/\/www.sibuscascoche.com\/noticias\/wp-json\/wp\/v2\/types\/post"}],"author":[{"embeddable":true,"href":"https:\/\/www.sibuscascoche.com\/noticias\/wp-json\/wp\/v2\/users\/6"}],"replies":[{"embeddable":true,"href":"https:\/\/www.sibuscascoche.com\/noticias\/wp-json\/wp\/v2\/comments?post=13017"}],"version-history":[{"count":4,"href":"https:\/\/www.sibuscascoche.com\/noticias\/wp-json\/wp\/v2\/posts\/13017\/revisions"}],"predecessor-version":[{"id":13056,"href":"https:\/\/www.sibuscascoche.com\/noticias\/wp-json\/wp\/v2\/posts\/13017\/revisions\/13056"}],"wp:featuredmedia":[{"embeddable":true,"href":"https:\/\/www.sibuscascoche.com\/noticias\/wp-json\/wp\/v2\/media\/13020"}],"wp:attachment":[{"href":"https:\/\/www.sibuscascoche.com\/noticias\/wp-json\/wp\/v2\/media?parent=13017"}],"wp:term":[{"taxonomy":"category","embeddable":true,"href":"https:\/\/www.sibuscascoche.com\/noticias\/wp-json\/wp\/v2\/categories?post=13017"},{"taxonomy":"post_tag","embeddable":true,"href":"https:\/\/www.sibuscascoche.com\/noticias\/wp-json\/wp\/v2\/tags?post=13017"}],"curies":[{"name":"wp","href":"https:\/\/api.w.org\/{rel}","templated":true}]}}