{"id":12901,"date":"2018-06-15T14:20:16","date_gmt":"2018-06-15T12:20:16","guid":{"rendered":"https:\/\/www.sibuscascoche.com\/noticias\/?p=12901"},"modified":"2018-06-15T14:20:16","modified_gmt":"2018-06-15T12:20:16","slug":"llamada-emergencia-ecall-ue","status":"publish","type":"post","link":"https:\/\/www.sibuscascoche.com\/noticias\/2018\/llamada-emergencia-ecall-ue\/","title":{"rendered":"Los coches nuevos de la UE tienen que incorporar llamada de emergencia eCall"},"content":{"rendered":"<p>Todos los <strong>veh\u00edculos y furgonetas ligeras que se homologuen en la UE desde el 31 de marzo de 2018<\/strong> habr\u00e1n de contar obligatoriamente con el <strong>equipo de serie de llamada de emergencia ecall<\/strong>, sistema que avisa autom\u00e1ticamente al 112 si se sufre un siniestro grave en la carretera.<\/p>\n<p>Hay que tener en cuenta que si bien esto va a ser obligatorio en todos los coches nuevos a partir de abril, al <strong>comprar coche de ocasi\u00f3n<\/strong> no tienes la obligatoriedad de instalar este nuevo sistema de llamadas eCall a menos que ya est\u00e9 incorporado de serie.<\/p>\n<h2>Los beneficios de la nueva\u00a0llamada de emergencia eCall en coches de la UE<\/h2>\n<p><img loading=\"lazy\" decoding=\"async\" class=\"alignright size-full wp-image-12904\" alt=\"llamada de emergencia eCall |Sibuscascoche.com\" src=\"https:\/\/www.sibuscascoche.com\/noticias\/wp-content\/uploads\/2018\/04\/ecall.jpg\" width=\"300\" height=\"200\" \/>Este <strong>nuevo sistema de llamada de emergencia eCall en coches nuevos<\/strong> permitir\u00e1 acelerar el tiempo de respuesta en un 40% en \u00e1reas urbanas y un 50% en zonas rurales,<strong> previniendo un 5% de lesiones graves y un 4% de muertes<\/strong> seg\u00fan datos de la web de la Comisi\u00f3n Europea. Estas cifras son importantes ya que solo en el 2016 muriendo 26 mil personas en accidentes de carretera en la UE, aunque 5500 menos que el a\u00f1o\u00a0 2010.<\/p>\n<p>Se estima que esta mejora obligatoria podr\u00eda hacer que se <strong>reduzca el n\u00famero de fallecimientos en 1500 al a\u00f1o<\/strong>, rebajando tambi\u00e9n las secuelas de lesiones de accidentes. Esto se debe sobre todo a que el <strong>tiempo de reacci\u00f3n es menor<\/strong>, permitiendo que los servicios de emergencia lleguen y act\u00faen antes. Hay que tener en cuenta que los estudios afirman que el 70 % de las\u00a0<strong>muertes en accidentes de tr\u00e1fico<\/strong>\u00a0se producen entre 20 y 30 minutos despu\u00e9s del siniestro.<\/p>\n<h2>Existencia de la llamada de emergencia eCall en coches nuevos<\/h2>\n<p><strong>Coches Peugeot, Opel, Citroen y DS<\/strong> cuentan con este<strong> sistema eCall de forma gratuita de serie<\/strong> desde hace varios a\u00f1os en todos sus modelos, por lo que ya hay cerca de 203 mil coches con esta equipaci\u00f3n. Mercedes tambi\u00e9n lo ofrece de serie desde 2014, lo que suma 3,5 millones de veh\u00edculos equipados. Los <strong>coches Peugeot ocasi\u00f3n<\/strong>, as\u00ed como los de otras marcas, no cuentan con esta obligaci\u00f3n que solo se aplica a coches nuevos a partir de abril del 2018. PSA atiende en nuestro pa\u00eds a 5.600 llamadas de emergencia que proceden del sistema eCall.<\/p>\n<p>Se puede ver con forma de\u00a0<strong>bot\u00f3n que tiene las siglas SOS<\/strong>, provenientes del morse y con el mismo significado en todos los sitios. Consta de una tecnolog\u00eda que se instala en el coche, una tarjeta SIM para la comunicaci\u00f3n y localizaci\u00f3n v\u00eda sat\u00e9lite. Es tan sencillo como esto, y sin duda una nueva medida que si se combina con una mejora en los procesos generales puede salvar muchas vidas.<\/p>\n","protected":false},"excerpt":{"rendered":"<p>Todos los veh\u00edculos y furgonetas ligeras que se homologuen en la UE desde el 31 de marzo de 2018 habr\u00e1n de contar obligatoriamente con el equipo de serie de llamada<\/p>\n","protected":false},"author":6,"featured_media":12903,"comment_status":"closed","ping_status":"open","sticky":false,"template":"","format":"standard","meta":{"footnotes":""},"categories":[1],"tags":[1255,1256,1254],"class_list":["post-12901","post","type-post","status-publish","format-standard","has-post-thumbnail","hentry","category-actualidad","tag-1255","tag-112-coches","tag-ecall"],"_links":{"self":[{"href":"https:\/\/www.sibuscascoche.com\/noticias\/wp-json\/wp\/v2\/posts\/12901","targetHints":{"allow":["GET"]}}],"collection":[{"href":"https:\/\/www.sibuscascoche.com\/noticias\/wp-json\/wp\/v2\/posts"}],"about":[{"href":"https:\/\/www.sibuscascoche.com\/noticias\/wp-json\/wp\/v2\/types\/post"}],"author":[{"embeddable":true,"href":"https:\/\/www.sibuscascoche.com\/noticias\/wp-json\/wp\/v2\/users\/6"}],"replies":[{"embeddable":true,"href":"https:\/\/www.sibuscascoche.com\/noticias\/wp-json\/wp\/v2\/comments?post=12901"}],"version-history":[{"count":4,"href":"https:\/\/www.sibuscascoche.com\/noticias\/wp-json\/wp\/v2\/posts\/12901\/revisions"}],"predecessor-version":[{"id":13208,"href":"https:\/\/www.sibuscascoche.com\/noticias\/wp-json\/wp\/v2\/posts\/12901\/revisions\/13208"}],"wp:featuredmedia":[{"embeddable":true,"href":"https:\/\/www.sibuscascoche.com\/noticias\/wp-json\/wp\/v2\/media\/12903"}],"wp:attachment":[{"href":"https:\/\/www.sibuscascoche.com\/noticias\/wp-json\/wp\/v2\/media?parent=12901"}],"wp:term":[{"taxonomy":"category","embeddable":true,"href":"https:\/\/www.sibuscascoche.com\/noticias\/wp-json\/wp\/v2\/categories?post=12901"},{"taxonomy":"post_tag","embeddable":true,"href":"https:\/\/www.sibuscascoche.com\/noticias\/wp-json\/wp\/v2\/tags?post=12901"}],"curies":[{"name":"wp","href":"https:\/\/api.w.org\/{rel}","templated":true}]}}