{"id":1282,"date":"2014-01-29T17:40:53","date_gmt":"2014-01-29T16:40:53","guid":{"rendered":"https:\/\/www.sibuscascoche.com\/noticias\/?p=1282"},"modified":"2014-01-29T17:44:01","modified_gmt":"2014-01-29T16:44:01","slug":"plan-pive-5","status":"publish","type":"post","link":"https:\/\/www.sibuscascoche.com\/noticias\/2014\/plan-pive-5\/","title":{"rendered":"Plan PIVE 5"},"content":{"rendered":"<p style=\"text-align: justify;\">El d\u00eda 29 de enero entr\u00f3 en vigor el nuevo Plan PIVE que se convertir\u00e1 en la quinta edici\u00f3n de este programa que naci\u00f3 con el objetivo de promover la compra de veh\u00edculos nuevos a cambio de entregar uno viejo. Un plan que ha sido aprobado en el mes de enero por el Consejo de Ministros y que sigue reafirmando el programa de ayudas que se han venido dando hasta ahora y que entrar\u00e1 en funcionamiento de forma inmediata.<\/p>\n<p style=\"text-align: justify;\">Un total de 175 millones de euros ser\u00e1n destinados por el Ministerio de Industria. Energ\u00eda y Turismo para seguir manteniendo el programa. Decir tambi\u00e9n que el programa durar\u00e1 unos 15 meses como m\u00e1ximo o hasta que se acaben los fondos. Un dinero que se espera, permita renovar unos 175.000 veh\u00edculos, ya que la subvenci\u00f3n cubrir\u00e1 un m\u00e1ximo de 25.000 euros sin incluir el IVA, cifra que podr\u00e1 incrementarse en el caso de aquellas personas con discapacidad, llegando hasta 30.000 euros.<\/p>\n<p style=\"text-align: justify;\"><img loading=\"lazy\" decoding=\"async\" class=\"alignright size-full wp-image-1284\" alt=\"Coche ocasi\u00f3n barato\" src=\"https:\/\/www.sibuscascoche.com\/noticias\/wp-content\/uploads\/2014\/01\/interior_plan-pive.jpg\" width=\"330\" height=\"216\" srcset=\"https:\/\/www.sibuscascoche.com\/noticias\/wp-content\/uploads\/2014\/01\/interior_plan-pive.jpg 330w, https:\/\/www.sibuscascoche.com\/noticias\/wp-content\/uploads\/2014\/01\/interior_plan-pive-300x196.jpg 300w\" sizes=\"auto, (max-width: 330px) 100vw, 330px\" \/>En cuanto a las caracter\u00edsticas del nuevo plan, parece que seguir\u00e1n siendo las mismas que en las ediciones anteriores. Las personas que deseen solicitar este tipo de ayuda deber\u00e1n entregar su antiguo veh\u00edculo. Eso s\u00ed, el veh\u00edculo que adquieran debe ser menos contaminante y m\u00e1s eficiente y el coche entregado debe tener un m\u00ednimo de 10 a\u00f1os. Los requisitos generales para acceder al Plan PIVE tambi\u00e9n incluyen el no contar con un volumen de negocio superior a los 50 millones de euros. Una vez presentado el justificante de baja del veh\u00edculo antiguo el usuario recibir\u00e1 unos 2.000 euros que proceder\u00e1n la mitad del Estado y la otra mitad del propio punto de venta.<\/p>\n<p style=\"text-align: justify;\">Cabe destacar que en el caso de las familias numerosas se podr\u00e1n solicitar ayudas incluso de 3.000 euros siempre que la compra se dirija a un coche de m\u00e1s de 5 plazas o adaptado para aquellas personas con discapacidad. Con lo cual las familias que tengan m\u00e1s hijos y menos recursos podr\u00e1n acceder a un veh\u00edculo adecuado a sus necesidades.<\/p>\n<p style=\"text-align: justify;\">Hasta el momento el momento, el Plan PIVE ha resultado ser todo un \u00e9xito para promover el desarrollo de la empresa automovil\u00edstica de nuestro pa\u00eds ya que a trav\u00e9s de las cuatro ediciones anteriores se han logrado crear unos 10.000 puestos de trabajo, a los que se espera sumar 4.500 gracias a esta quinta edici\u00f3n.<\/p>\n<p style=\"text-align: justify;\">Todo ello no hace sino reflejar la intenci\u00f3n del gobierno de disminuir el paro y dar un soplo de aire fresco a una industria como la del autom\u00f3vil que suele verse m\u00e1s resentida en tiempos de crisis. De esta forma el Estado intenta conseguir que la industria del autom\u00f3vil resulte sostenible. Pero adem\u00e1s, este plan cuenta con un doble objetivo, ya que al obligar al usuario a escoger un coche menos contaminante para disfrutar del programa, se intentan reducir las emisiones de CO2 para proteger al medio ambiente y cumplir la normativa impuesta por la UE.<\/p>\n<p style=\"text-align: justify;\">\n","protected":false},"excerpt":{"rendered":"<p>El d\u00eda 29 de enero entr\u00f3 en vigor el nuevo Plan PIVE que se convertir\u00e1 en la quinta edici\u00f3n de este programa que naci\u00f3 con el objetivo de promover la<\/p>\n","protected":false},"author":1,"featured_media":1283,"comment_status":"closed","ping_status":"open","sticky":false,"template":"","format":"standard","meta":{"footnotes":""},"categories":[1],"tags":[160],"class_list":["post-1282","post","type-post","status-publish","format-standard","has-post-thumbnail","hentry","category-actualidad","tag-plan-pive"],"_links":{"self":[{"href":"https:\/\/www.sibuscascoche.com\/noticias\/wp-json\/wp\/v2\/posts\/1282","targetHints":{"allow":["GET"]}}],"collection":[{"href":"https:\/\/www.sibuscascoche.com\/noticias\/wp-json\/wp\/v2\/posts"}],"about":[{"href":"https:\/\/www.sibuscascoche.com\/noticias\/wp-json\/wp\/v2\/types\/post"}],"author":[{"embeddable":true,"href":"https:\/\/www.sibuscascoche.com\/noticias\/wp-json\/wp\/v2\/users\/1"}],"replies":[{"embeddable":true,"href":"https:\/\/www.sibuscascoche.com\/noticias\/wp-json\/wp\/v2\/comments?post=1282"}],"version-history":[{"count":3,"href":"https:\/\/www.sibuscascoche.com\/noticias\/wp-json\/wp\/v2\/posts\/1282\/revisions"}],"predecessor-version":[{"id":1322,"href":"https:\/\/www.sibuscascoche.com\/noticias\/wp-json\/wp\/v2\/posts\/1282\/revisions\/1322"}],"wp:featuredmedia":[{"embeddable":true,"href":"https:\/\/www.sibuscascoche.com\/noticias\/wp-json\/wp\/v2\/media\/1283"}],"wp:attachment":[{"href":"https:\/\/www.sibuscascoche.com\/noticias\/wp-json\/wp\/v2\/media?parent=1282"}],"wp:term":[{"taxonomy":"category","embeddable":true,"href":"https:\/\/www.sibuscascoche.com\/noticias\/wp-json\/wp\/v2\/categories?post=1282"},{"taxonomy":"post_tag","embeddable":true,"href":"https:\/\/www.sibuscascoche.com\/noticias\/wp-json\/wp\/v2\/tags?post=1282"}],"curies":[{"name":"wp","href":"https:\/\/api.w.org\/{rel}","templated":true}]}}