{"id":12814,"date":"2018-03-28T09:24:48","date_gmt":"2018-03-28T07:24:48","guid":{"rendered":"https:\/\/www.sibuscascoche.com\/noticias\/?p=12814"},"modified":"2018-03-28T09:24:48","modified_gmt":"2018-03-28T07:24:48","slug":"salon-de-ginebra-2018-novedades-comprar-coche","status":"publish","type":"post","link":"https:\/\/www.sibuscascoche.com\/noticias\/2018\/salon-de-ginebra-2018-novedades-comprar-coche\/","title":{"rendered":"Sal\u00f3n de Ginebra 2018 \u00bfcu\u00e1les son las novedades?"},"content":{"rendered":"<p>El <strong>Sal\u00f3n de Ginebra<\/strong> es un evento imprescindible para los amantes del motor para los que buscan <a title=\"Comprar coche ocasi\u00f3n | Sibuscascoche.com\" href=\"https:\/\/www.sibuscascoche.com\/coches-ocasion\"><strong>comprar coche<\/strong><\/a>, un a\u00f1o m\u00e1s las principales marcas se han dado cita en la ciudad suiza para mostrarnos el presente y el futuro del autom\u00f3vil. En 2018 se ha celebrado desde el 8 al 18 de marzo y se trataba de la edici\u00f3n n\u00famero 88. Este sal\u00f3n cuenta con 106.000 metros cuadrados dedicados al mundo de las cuatro ruedas, 180 expositores y en \u00e9l se han presentado <strong>cerca de 70 modelos nuevos.<\/strong><\/p>\n<p>Entre las novedades hay veh\u00edculos de todas las categor\u00edas, es cierto que en los \u00faltimos a\u00f1os el mercado de los SUV ha crecido exponencialmente, sin embargo, las marcas no han querido dejar de lado para este sal\u00f3n otros segmentos.<\/p>\n<ul>\n<li><img loading=\"lazy\" decoding=\"async\" class=\"alignright size-full wp-image-12818\" alt=\"audi a6, comprar coche\" src=\"https:\/\/www.sibuscascoche.com\/noticias\/wp-content\/uploads\/2018\/03\/comprar-coches-ocasion-baratos.jpg\" width=\"300\" height=\"200\" \/>Entre los <strong>todocaminos<\/strong>, Audi nos sorprende con el prototipo de su primer SUV cien por cien el\u00e9ctrico: el e-tron protype; Hyundai nos trae el <strong>Santa Fe 2018<\/strong>, la cuarta generaci\u00f3n, que destaca por su seguridad activa, y tambi\u00e9n la versi\u00f3n el\u00e9ctrica del <strong>Kona<\/strong>. BMW hac\u00eda debutar a la segunda generaci\u00f3n de su <strong>X4<\/strong>; Jaguar nos desvel\u00f3 el <strong>I-Pace<\/strong>, su primer el\u00e9ctrico, que tiene 400 CV y se carga al 80% en tan solo 40 minutos y Porsche present\u00f3 el <strong>Mission E Cross Turismo<\/strong>, tambi\u00e9n el\u00e9ctrico, con 800 voltios y tracci\u00f3n total.<\/li>\n<li>En el segmento de las<strong> berlinas<\/strong>, Audi nos tra\u00eda la octava generaci\u00f3n de su <strong>A6<\/strong> y <strong>Peugeot<\/strong> presentaba el <strong>508<\/strong>, que reduc\u00eda su tama\u00f1o para estrenar nueva imagen. El <strong>Mazda 6<\/strong> gana a su antecesor en tecnolog\u00eda y potencia, tambi\u00e9n se actualiza en Ginebra el <strong>Mercedes Clase C<\/strong>.<\/li>\n<li>Si nos adentramos en el mundo de los <strong>compactos<\/strong>, podemos destacar el Mercedes Clase A, con m\u00e1s tecnolog\u00eda, o el Toyota Auris, m\u00e1s atrevido y con un motor de 180 CV. El <strong>Skoda Fabia<\/strong> tambi\u00e9n ha querido renovar su imagen al completo y presumir de nuevo equipamiento.<\/li>\n<li>En la secci\u00f3n para so\u00f1adores (o <strong>deportivos<\/strong> de lujo), el <strong>McLaren Senna<\/strong> y el <strong>Lamborghini Urus<\/strong> acapararon todas las miradas, el primero es un superdeportivo y el segundo quiz\u00e1s el SUV m\u00e1s exclusivo del sal\u00f3n.<\/li>\n<\/ul>\n","protected":false},"excerpt":{"rendered":"<p>El Sal\u00f3n de Ginebra es un evento imprescindible para los amantes del motor para los que buscan comprar coche, un a\u00f1o m\u00e1s las principales marcas se han dado cita en<\/p>\n","protected":false},"author":6,"featured_media":12817,"comment_status":"closed","ping_status":"open","sticky":false,"template":"","format":"standard","meta":{"footnotes":""},"categories":[1,8],"tags":[1245,863],"class_list":["post-12814","post","type-post","status-publish","format-standard","has-post-thumbnail","hentry","category-actualidad","category-lanzamientos","tag-lanzamientos-coches","tag-salon-de-ginebra"],"_links":{"self":[{"href":"https:\/\/www.sibuscascoche.com\/noticias\/wp-json\/wp\/v2\/posts\/12814","targetHints":{"allow":["GET"]}}],"collection":[{"href":"https:\/\/www.sibuscascoche.com\/noticias\/wp-json\/wp\/v2\/posts"}],"about":[{"href":"https:\/\/www.sibuscascoche.com\/noticias\/wp-json\/wp\/v2\/types\/post"}],"author":[{"embeddable":true,"href":"https:\/\/www.sibuscascoche.com\/noticias\/wp-json\/wp\/v2\/users\/6"}],"replies":[{"embeddable":true,"href":"https:\/\/www.sibuscascoche.com\/noticias\/wp-json\/wp\/v2\/comments?post=12814"}],"version-history":[{"count":3,"href":"https:\/\/www.sibuscascoche.com\/noticias\/wp-json\/wp\/v2\/posts\/12814\/revisions"}],"predecessor-version":[{"id":12819,"href":"https:\/\/www.sibuscascoche.com\/noticias\/wp-json\/wp\/v2\/posts\/12814\/revisions\/12819"}],"wp:featuredmedia":[{"embeddable":true,"href":"https:\/\/www.sibuscascoche.com\/noticias\/wp-json\/wp\/v2\/media\/12817"}],"wp:attachment":[{"href":"https:\/\/www.sibuscascoche.com\/noticias\/wp-json\/wp\/v2\/media?parent=12814"}],"wp:term":[{"taxonomy":"category","embeddable":true,"href":"https:\/\/www.sibuscascoche.com\/noticias\/wp-json\/wp\/v2\/categories?post=12814"},{"taxonomy":"post_tag","embeddable":true,"href":"https:\/\/www.sibuscascoche.com\/noticias\/wp-json\/wp\/v2\/tags?post=12814"}],"curies":[{"name":"wp","href":"https:\/\/api.w.org\/{rel}","templated":true}]}}