{"id":12716,"date":"2018-04-10T12:58:11","date_gmt":"2018-04-10T10:58:11","guid":{"rendered":"https:\/\/www.sibuscascoche.com\/noticias\/?p=12716"},"modified":"2018-04-10T12:58:11","modified_gmt":"2018-04-10T10:58:11","slug":"coches-de-ocasion-baratos-deportivo-retro-electrico-combinacion-perfecta","status":"publish","type":"post","link":"https:\/\/www.sibuscascoche.com\/noticias\/2018\/coches-de-ocasion-baratos-deportivo-retro-electrico-combinacion-perfecta\/","title":{"rendered":"Deportivo, retro y el\u00e9ctrico \u00a1combinaci\u00f3n perfecta!"},"content":{"rendered":"<p style=\"text-align: left;\">El nuevo\u00a0<strong><span style=\"color: #0071b9;\"><a title=\"Comprar Honda | Sibuscascoche.com\" href=\"https:\/\/www.sibuscascoche.com\/coches-ocasion\/honda\"><span style=\"color: #0071b9;\">Honda<\/span><\/a> <\/span>Sports EV Concept<\/strong> se presentaba al mundo en el Sal\u00f3n del autom\u00f3vil de Tokio, donde no pas\u00f3 desapercibido. Su <strong>bello dise\u00f1o estilo retro<\/strong>, combinado con su <strong>modernidad y una propulsi\u00f3n el\u00e9ctrica<\/strong>, lo hicieron el blanco de muchas miradas curiosas. La marca japonesa rompe los estereotipos acerca de las energ\u00edas alternativas creando un deportivo el\u00e9ctrico que es pura diversi\u00f3n.<\/p>\n<p><img loading=\"lazy\" decoding=\"async\" class=\"alignright size-full wp-image-12718\" alt=\"Honda sports ev concept, comprar coche\" src=\"https:\/\/www.sibuscascoche.com\/noticias\/wp-content\/uploads\/2018\/02\/sports-ev-concept.jpg\" width=\"300\" height=\"200\" \/>Este Honda forma parte de la gama de veh\u00edculos avanzados de dos y cuatro ruedas que prepara la marca, el Urban EV Concept ya nos serv\u00eda de peque\u00f1o aperitivo de lo que nos pod\u00eda deparar esta l\u00ednea. Ahora, el Sports EV Concept destaca por sus <strong>l\u00edneas suaves, su original frontal<\/strong> y por la <strong>innovaci\u00f3n<\/strong> que caracteriza cada una de las piezas con las que se construy\u00f3. Su carrocer\u00eda estilo coup\u00e9 de dise\u00f1o compacto tiene una gran aerodin\u00e1mica que nos recuerda a los antiguos coches de carreras, pero sus faros redondos y el logo retroiluminado nos hacen presagiar que este coche no es precisamente un cl\u00e1sico al uso.<\/p>\n<p>Honda busca que el Sports EV Concept despierte emociones, que <strong>se adapte a cada estilo de vida<\/strong>, pero, sobre todo, que el que se siente a su volante disfrute mucho conduci\u00e9ndolo. Este deportivo es puro placer, combina la potencia el\u00e9ctrica EV con <strong>la inteligencia artificial de un asistente personal que te ayudar\u00e1 en lo que necesites<\/strong>. Otros detalles tecnol\u00f3gicos sorprendentes de este Honda son que las propias puertas nos indican la bater\u00eda restante o que los retrovisores se sustituyen en este caso por min\u00fasculas c\u00e1maras.<\/p>\n<p>Pasado y futuro encuentran la combinaci\u00f3n perfecta en el presente de Honda, el Sports EV Concept a\u00fan no es realidad, pero est\u00e1 repleto de innovaciones que seguro que muy pronto veremos circular por nuestras carreteras \u00bfcrees que terminar\u00e1 produci\u00e9ndose? \u00bfte gustar\u00eda probarlo?<\/p>\n","protected":false},"excerpt":{"rendered":"<p>El nuevo\u00a0Honda Sports EV Concept se presentaba al mundo en el Sal\u00f3n del autom\u00f3vil de Tokio, donde no pas\u00f3 desapercibido. Su bello dise\u00f1o estilo retro, combinado con su modernidad y<\/p>\n","protected":false},"author":6,"featured_media":12719,"comment_status":"closed","ping_status":"open","sticky":false,"template":"","format":"standard","meta":{"footnotes":""},"categories":[1,10],"tags":[1433,71,156],"class_list":["post-12716","post","type-post","status-publish","format-standard","has-post-thumbnail","hentry","category-actualidad","category-hibridos-electricos","tag-concept-car","tag-deportivo","tag-honda"],"_links":{"self":[{"href":"https:\/\/www.sibuscascoche.com\/noticias\/wp-json\/wp\/v2\/posts\/12716","targetHints":{"allow":["GET"]}}],"collection":[{"href":"https:\/\/www.sibuscascoche.com\/noticias\/wp-json\/wp\/v2\/posts"}],"about":[{"href":"https:\/\/www.sibuscascoche.com\/noticias\/wp-json\/wp\/v2\/types\/post"}],"author":[{"embeddable":true,"href":"https:\/\/www.sibuscascoche.com\/noticias\/wp-json\/wp\/v2\/users\/6"}],"replies":[{"embeddable":true,"href":"https:\/\/www.sibuscascoche.com\/noticias\/wp-json\/wp\/v2\/comments?post=12716"}],"version-history":[{"count":6,"href":"https:\/\/www.sibuscascoche.com\/noticias\/wp-json\/wp\/v2\/posts\/12716\/revisions"}],"predecessor-version":[{"id":12866,"href":"https:\/\/www.sibuscascoche.com\/noticias\/wp-json\/wp\/v2\/posts\/12716\/revisions\/12866"}],"wp:featuredmedia":[{"embeddable":true,"href":"https:\/\/www.sibuscascoche.com\/noticias\/wp-json\/wp\/v2\/media\/12719"}],"wp:attachment":[{"href":"https:\/\/www.sibuscascoche.com\/noticias\/wp-json\/wp\/v2\/media?parent=12716"}],"wp:term":[{"taxonomy":"category","embeddable":true,"href":"https:\/\/www.sibuscascoche.com\/noticias\/wp-json\/wp\/v2\/categories?post=12716"},{"taxonomy":"post_tag","embeddable":true,"href":"https:\/\/www.sibuscascoche.com\/noticias\/wp-json\/wp\/v2\/tags?post=12716"}],"curies":[{"name":"wp","href":"https:\/\/api.w.org\/{rel}","templated":true}]}}