{"id":12672,"date":"2018-04-03T17:54:04","date_gmt":"2018-04-03T15:54:04","guid":{"rendered":"https:\/\/www.sibuscascoche.com\/noticias\/?p=12672"},"modified":"2025-07-02T12:37:29","modified_gmt":"2025-07-02T10:37:29","slug":"javier-martinez-carracedo","status":"publish","type":"post","link":"https:\/\/www.sibuscascoche.com\/noticias\/2018\/javier-martinez-carracedo\/","title":{"rendered":"Javier Mart\u00ednez Carracedo: \u00abMe gustar\u00eda poder salir en una copa, pero ahora mismo no cuento con unas garant\u00edas econ\u00f3micas\u00bb"},"content":{"rendered":"<h5 style=\"text-align: center;\">El piloto estradense, conocido por su su r\u00e1pido y espectacular pilotaje, seguir\u00e1 evolucionando con su coche en tierra<\/h5>\n<p>En <a href=\"https:\/\/www.sibuscascoche.com\/\"><strong>Sibuscascoche.com<\/strong><\/a> te contamos que esta temporada Javier Carracedo seguir\u00e1 evolucionando con su Renault 5 GT Turbo en el <strong>Campeonato de Rallymix<\/strong>. En asfalto, al no disponer de las garant\u00edas econ\u00f3micas necesarias para salir en todas las carreras, se centrar\u00e1 en las pruebas m\u00e1s cercanas a Galicia.\u00a0Lo que es seguro es que en todas las competiciones que participe, se divertir\u00e1 y nos brindar\u00e1 <strong>lo mejor de su pilotaje<\/strong>. No importa la presi\u00f3n, ni que sus rivales le pongan las cosas dif\u00edciles, Javier Carracedo tiene energ\u00eda de sobra para seguir atacando con su coche en tierra y asfalto durante 2018.<\/p>\n<p><strong><b>PREGUNTA.\u00a0<\/b>\u00a0\u00bfCu\u00e1les son tus prop\u00f3sitos para esta temporada? \u00bfCu\u00e1les estar\u00e1s seguro de que\u00a0cumplir\u00e1s?<\/strong><\/p>\n<p>RESPUESTA.\u00a0No tengo un plan 100% definido para la temporada 2018.\u00a0Por una parte, voy a tratar de hacer el Campeonato de Rallymix y seguir evolucionando el Renault 5 GT Turbo de tierra\u00a0que estoy desarrollando. Es un proyecto personal que me entretiene mucho, adem\u00e1s de lo bien que me lo paso en los\u00a0tramos de tierra con \u00e9l. Por otro lado, est\u00e1 el asfalto. Me gustar\u00eda poder salir en una copa, ahora mismo no cuento con unas\u00a0garant\u00edas econ\u00f3micas que me aseguren poder hacer una campeonato entero con opciones de salir en todas las\u00a0carreras. As\u00ed que, principalmente, voy a tratar de salir a los rallyes m\u00e1s cercanos, adem\u00e1s de alguno que\u00a0me guste. Estoy abierto a la posibilidad de desplazarme a otras comunidades donde quieran que vaya a correr.\u00a0Espero seguir visitando Asturias y Cantabria. Sin olvidarme de alguna carrera espor\u00e1dica en la monta\u00f1a en Galicia. \u00bfQu\u00e9 cumplir\u00e9 seguro? Que en las carreras en las que participe, me divertir\u00e9 y saldr\u00e9 a dar lo mejor de m\u00ed.<\/p>\n<p><b>P.\u00a0<\/b><strong>En el Rally Princesa de Asturias desafortunadamente sufriste una salida de la\u00a0v\u00eda, en momentos como este \u00bfc\u00f3mo consigues cambiar el chip, volver a pista\u00a0y seguir luchando?<\/strong><\/p>\n<p><img loading=\"lazy\" decoding=\"async\" class=\"alignright size-full wp-image-12784\" src=\"https:\/\/www.sibuscascoche.com\/noticias\/wp-content\/uploads\/2018\/03\/javier-carracedo-princesa-asturias.jpg\" alt=\"javier-carracedo-princesa-asturias\" width=\"300\" height=\"200\" \/>R. En el momento que vas en el coche atacando y sientes un buen feeling en el tramo y con el copiloto, el\u00a0tener un contratiempo de este tipo se convierte en un duro golpe moral. Hab\u00eda una curva que nos hizo patinar m\u00e1s de lo que ten\u00edamos anotado. En ese momento pas\u00f3 por mi cabeza solo\u00a0una cosa: intentar reparar y continuar. Una r\u00f3tula sali\u00f3 del sitio y sab\u00eda que \u00edbamos a perder tiempo,\u00a0pero al menos pod\u00edamos seguir. Y esto es algo que creo que me caracteriza: nunca me rindo, soy una persona tenaz y siempre\u00a0intento buscar una soluci\u00f3n a los problemas que van surgiendo. Lo f\u00e1cil ser\u00eda venirme abajo y abandonar, pero me\u00a0gustan las cosas dif\u00edciles. Por eso tengo un Renault 5 GT Turbo.<\/p>\n<blockquote>\n<h4><span style=\"color: #0071b9;\">Nunca me rindo, soy una persona tenaz y siempre\u00a0intento buscar una soluci\u00f3n a los problemas que van surgiendo\u00bb<\/span><\/h4>\n<\/blockquote>\n<p><strong>P. En 2016, lograste tu primera victoria en el Rallysprint de Miengo y el a\u00f1o\u00a0pasado repetiste triunfo. Tras 8 a\u00f1os de lucha, qued\u00e1ndote a las puertas de\u00a0la victoria, \u00bfc\u00f3mo has conseguido este doblete? \u00bfQu\u00e9 sentiste al cruzar la\u00a0l\u00ednea de meta la primera vez? \u00bfY la segunda?<\/strong><\/p>\n<p>R. Se consigue con constancia, concentraci\u00f3n y el trabajo de todo un equipo.\u00a0Somos b\u00e1sicamente un grupo de amigos que cuando hace falta nos echamos una mano. Y en Miengo siempre es un placer participar, tengo buen trato con los organizadores y, a pesar del desplazamiento, es muy especial correr cada a\u00f1o. Es dif\u00edcil describir lo que se siente al ganar por primera vez, sobre todo cuando tienes que correr y darlo todo, porque\u00a0el resto de participantes no te lo ponen f\u00e1cil. Quiz\u00e1 es lo que hace que le demos a una victoria su valor real. Para m\u00ed, ambas victorias se convirtieron en una explosi\u00f3n de alegr\u00eda; por el todo el esfuerzo que nos supuso al equipo\u00a0Carracedo Competici\u00f3n, los copilotos (Jos\u00e9 Murado, la primera vez, y Jos\u00e9 Antonio V\u00e1zquez Barr\u00e1n, en la\u00a0segunda victoria) y a m\u00ed. El buen trabajo de todos fue recompensado.<\/p>\n<blockquote>\n<h4><span style=\"color: #0071b9;\">Ambas victorias se convirtieron en una explosi\u00f3n de alegr\u00eda\u00bb<\/span><\/h4>\n<\/blockquote>\n<p><strong>P. Desde el rallye de Nar\u00f3n en 2016 hasta tu nueva aparici\u00f3n en el campeonato\u00a0gallego en 2017, ha pasado algo m\u00e1s que un a\u00f1o, \u00bfa qu\u00e9 se debi\u00f3 ese par\u00f3n\u00a0<\/strong><strong>en los rallyes gallegos?<\/strong><\/p>\n<p>R. Hab\u00eda muchas personas a las que no les gustaba que saliera a correr y menos en una copa. Cuando tengo que correr y me ponen las cosas dif\u00edciles a m\u00ed me gusta ganar; porque tengo que sacar lo mejor de mi pilotaje. Hay qui\u00e9n no\u00a0sabe correr bajo esa presi\u00f3n. Por eso, en la Copa Top Ten me pusieron pegas para participar. En 2016 abandon\u00e9 y, al siguiente a\u00f1o, en 2017, yendo por libre, hubo alg\u00fan piloto que no se mostraba contento de verme en las\u00a0listas de inscritos.<\/p>\n<p style=\"text-align: center;\"><a href=\"https:\/\/www.sibuscascoche.com\/?utm_source=blog-noticias&amp;utm_medium=banner&amp;utm_campaign=entrevistas&amp;utm_content=entrevista-javier-carracedo\"><img loading=\"lazy\" decoding=\"async\" class=\" wp-image-9245 aligncenter photo-gallery-shortcode\" title=\"Busco coche de ocasi\u00f3n\" src=\"https:\/\/www.sibuscascoche.com\/noticias\/wp-content\/uploads\/2016\/10\/comprar-coche-segunda-mano-ocasion-km01.gif\" alt=\"Busco coche de ocasi\u00f3n\" width=\"600\" height=\"90\" \/><\/a><\/p>\n<p><strong>P. Cuatro t\u00edtulos de Grupo X en Rallyes, dos de Grupo X en Monta\u00f1a y uno de\u00a0Grupo P tambi\u00e9n en esta modalidad, adem\u00e1s de espectaculares batallas en\u00a0pista contra pilotos; durante tu carrera deportiva has pasado por\u00a0innumerables experiencias, com\u00e9ntanos cu\u00e1l ha sido tu mejor y peor\u00a0<\/strong><strong>momento y el motivo de tu elecci\u00f3n.<\/strong><\/p>\n<p><img loading=\"lazy\" decoding=\"async\" class=\"alignright size-full wp-image-12785\" src=\"https:\/\/www.sibuscascoche.com\/noticias\/wp-content\/uploads\/2018\/03\/javier-carracedo-entrevista.jpg\" alt=\"javier-carracedo-entrevista\" width=\"300\" height=\"200\" \/>R. El peor momento para m\u00ed fue la final del Rallye do Cocido en 2013, en el que ocup\u00e1bamos la quinta posici\u00f3n hasta el \u00faltimo tramo.\u00a0Tras un d\u00eda entero corriendo much\u00edsimo y en unas\u00a0condiciones de lluvia y fr\u00edo muy complicadas, en la pen\u00faltima curva del \u00faltimo tramo hab\u00eda un peque\u00f1o bache en el\u00a0asfalto. Se nos rompi\u00f3 el puente trasero (se ve que por fatiga del mismo), arrancando una rueda. Conseguimos llegar a\u00a0Lal\u00edn en tres ruedas, pero la Guardia Civil nos par\u00f3 a 500 metros del parque cerrado final y nos impidi\u00f3 acabar el rallye. Fue un momento de rabia y frustraci\u00f3n enorme, porque hab\u00edamos arriesgado mucho\u00a0durante todo el rallye para estar d\u00f3nde est\u00e1bamos y no haberlo conseguido de esa manera, nos doli\u00f3. Por otra parte, los mejores momentos suelen ir ligados a los buenos resultados o a las victorias: el logro de\u00a0campeonatos, las dos victorias de Miengo, los\u00a0 segundos puestos en Nar\u00f3n y en la Subida a La Guancha.<\/p>\n<p>Pero tambi\u00e9n me\u00a0quedo con momentos de esfuerzo, como en el Botafumeiro en 2014: el primer tramo\u00a0del viernes se nos rompi\u00f3 el motor, mi copiloto y yo nos pasamos toda la noche arregl\u00e1ndolo con la asistencia para salir a correr el s\u00e1bado y lo conseguimos para la hora de arrancar. Y a pesar de que el motor volvi\u00f3 a fallar a mitad de jornada\u00a0(casualmente, en la segunda pasada y en la misma curva del tramo donde hab\u00eda fallado el d\u00eda anterior), arriesgamos\u00a0como pocas veces, sobreponi\u00e9ndonos a la falta de potencia, tir\u00e1ndonos m\u00e1s a fondo en las curvas para luchar por el\u00a0p\u00f3dium hasta el final del rallye. Finalmente, no lo conseguimos, ya que acabamos cuartos, pero la sensaci\u00f3n de acabar y la\u00a0alegr\u00eda fue indescriptible.<\/p>\n<blockquote><p><strong><span style=\"color: #0071b9;\">Me\u00a0quedo con momentos de esfuerzo, como en el Botafumeiro en 2014: el primer tramo\u00a0del viernes\u00a0se nos rompi\u00f3 el motor, mi copiloto y yo\u00a0nos pasamos toda la noche arregl\u00e1ndolo\u00bb<\/span><\/strong><\/p><\/blockquote>\n<p><strong>P. \u00bfSubida a la Guancha? O \u00bfSubida A Estrada? \u00bfCon cu\u00e1l te quedas? \u00bfQu\u00e9\u00a0significan para ti ambas competiciones?<\/strong><\/p>\n<p>R. La subida de casa, es la subida de casa, es correr delante de mi gente, mis amigos y en un sitio familiar, en mi\u00a0tierra. Siempre es especial y me hace ilusi\u00f3n. La Subida a la Guancha es mi segunda casa, porque tengo unos fant\u00e1sticos amigos en el Tenerife Turbo\u00a0Club que son como una familia para m\u00ed y con los que siento muy arropado y querido, tambi\u00e9n por la afici\u00f3n canaria. Siempre\u00a0que pueda ir\u00e9, porque para m\u00ed correr en Tenerife fue un sue\u00f1o cumplido. Me trataron como a un campe\u00f3n del\u00a0mundo, con un cari\u00f1o y una atenci\u00f3n que agradecer\u00e9 toda mi vida.<\/p>\n<p><strong>P. Est\u00e1s considerado uno de los pilotos m\u00e1s r\u00e1pidos y espectaculares de\u00a0Espa\u00f1a, \u00bfc\u00f3mo te preparas para conseguir tanta energ\u00eda?, \u00bfcu\u00e1l es tu\u00a0<\/strong><strong>preparaci\u00f3n para cada carrera?<\/strong><\/p>\n<p>R. Mi energ\u00eda, creo que es algo innato y adem\u00e1s \u00a1\u00a1sigo siendo muy joven!! (risas). Siempre fui\u00a0una persona muy activa, yendo de un lado para otro, investigando en temas de mec\u00e1nica, reparando, preparando\u00a0otros coches de carreras\u2026 Y todo ello me ha proporcionado una base muy s\u00f3lida para correr y a la hora de analizar los problemas que van surgiendo suelo ser muy r\u00e1pido. Adem\u00e1s, practico deporte, sobre todo mucha bicicleta. Es muy\u00a0importante tener fondo f\u00edsico, ya que hay rallyes y tramos que exigen mucho. No sentirse agotado con facilidad es lo b\u00e1sico.<\/p>\n<blockquote>\n<h4><span style=\"color: #0071b9;\">Siempre fui\u00a0una persona muy activa, yendo de un lado para otro, investigando en temas de mec\u00e1nica&#8230; Y todo ello me ha proporcionado una base muy s\u00f3lida para correr\u00bb<\/span><\/h4>\n<\/blockquote>\n<p><strong>P. \u00bfTienes alg\u00fan ritual antes de competir? \u00bfAlguna man\u00eda? Y al finalizar la\u00a0carrera, \u00bfC\u00f3mo celebras el momento de cruzar la meta?<\/strong><\/p>\n<p>R. La verdad es que no tengo ninguna man\u00eda ni superstici\u00f3n antes de las carreras y lo \u00fanico que hago es confiar en m\u00ed\u00a0mismo. S\u00e9 que puedo ser r\u00e1pido si me concentro, por lo que en la salida intento focalizar mi energ\u00eda en obtener el mejor\u00a0resultado posible. No me parece lo mejor dejar eso para la buena o la mala suerte. Depende principalmente de uno\u00a0mismo y tras cruzar la meta, celebrarlo con el equipo. El copiloto y yo vamos dentro del coche, pero ellos\u00a0son tambi\u00e9n parte fundamental de las carreras.<\/p>\n<p><strong>P. Tu Renault 5 GT Turbo es ya un coche m\u00edtico, \u00bfc\u00f3mo lo definir\u00edas?<\/strong><\/p>\n<p><img loading=\"lazy\" decoding=\"async\" class=\"alignright size-full wp-image-12786\" src=\"https:\/\/www.sibuscascoche.com\/noticias\/wp-content\/uploads\/2018\/03\/javier-carracedo-princesa-taller.jpg\" alt=\"javier-carracedo-princesa-taller\" width=\"300\" height=\"200\" \/>R. Es un coche exigente, tiene sus a\u00f1os y hay que estar revis\u00e1ndolo en cada asistencia y en cada carrera. Hoy\u00a0en d\u00eda el ritmo es m\u00e1s al sprint que anta\u00f1o y eso, en un coche de finales de los 80, se nota. La conducci\u00f3n no es f\u00e1cil, es un\u00a0coche radical y te pide estar alerta siempre, sin bajar la guardia. Por suerte, cuento con la ventaja de que llevo a\u00f1os\u00a0corriendo y trabajando en ese veh\u00edculo, por lo que pocos secretos guarda para m\u00ed.<\/p>\n<blockquote>\n<h4><span style=\"color: #0071b9;\">La conducci\u00f3n no es f\u00e1cil, es un\u00a0coche radical y te pide estar alerta siempre, sin bajar la guardia\u00bb<\/span><\/h4>\n<\/blockquote>\n<p><strong>P. \u00bfQu\u00e9 coche te morir\u00edas por probar aunque no fuese necesariamente para\u00a0competir?<\/strong><\/p>\n<p>R. Escojo un WRC actual, sin duda. Y si pudiera escoger m\u00e1s, me quedo con los tramos de tierra. Me parece una superficie mucho\u00a0m\u00e1s divertida y con la que se puede disfrutar mucho del coche.<\/p>\n<p><strong>P. Has comentado en otras entrevistas que tu piloto de referencia es Carlos\u00a0Sainz, imag\u00ednate que est\u00e1 leyendo esta entrevista \u00bfqu\u00e9 le dir\u00edas?<\/strong><\/p>\n<p>R. Que es de los mejores pilotos que hay en el mundo y tiene un gran m\u00e9rito, tanto por los a\u00f1os que lleva\u00a0en activo y en la cresta del deporte, como por su trabajo incansable y su constancia. Creo que es un ejemplo para\u00a0cualquier competidor en el aspecto de que es alguien que no cesa en su empe\u00f1o de evoluci\u00f3n. Su lema: \u201cse puede mejorar\u201d es algo a tener en cuenta siempre. No se puede ser conformista. Siempre se puede sacar un\u00a0poquito m\u00e1s, intentar alcanzar la perfecci\u00f3n con la configuraci\u00f3n del coche.<\/p>\n","protected":false},"excerpt":{"rendered":"<p>El piloto estradense, conocido por su su r\u00e1pido y espectacular pilotaje, seguir\u00e1 evolucionando con su coche en tierra En Sibuscascoche.com te contamos que esta temporada Javier Carracedo seguir\u00e1 evolucionando con<\/p>\n","protected":false},"author":1,"featured_media":12797,"comment_status":"closed","ping_status":"open","sticky":false,"template":"","format":"standard","meta":{"footnotes":""},"categories":[1,1034],"tags":[],"class_list":["post-12672","post","type-post","status-publish","format-standard","has-post-thumbnail","hentry","category-actualidad","category-entrevistas"],"_links":{"self":[{"href":"https:\/\/www.sibuscascoche.com\/noticias\/wp-json\/wp\/v2\/posts\/12672","targetHints":{"allow":["GET"]}}],"collection":[{"href":"https:\/\/www.sibuscascoche.com\/noticias\/wp-json\/wp\/v2\/posts"}],"about":[{"href":"https:\/\/www.sibuscascoche.com\/noticias\/wp-json\/wp\/v2\/types\/post"}],"author":[{"embeddable":true,"href":"https:\/\/www.sibuscascoche.com\/noticias\/wp-json\/wp\/v2\/users\/1"}],"replies":[{"embeddable":true,"href":"https:\/\/www.sibuscascoche.com\/noticias\/wp-json\/wp\/v2\/comments?post=12672"}],"version-history":[{"count":29,"href":"https:\/\/www.sibuscascoche.com\/noticias\/wp-json\/wp\/v2\/posts\/12672\/revisions"}],"predecessor-version":[{"id":18121,"href":"https:\/\/www.sibuscascoche.com\/noticias\/wp-json\/wp\/v2\/posts\/12672\/revisions\/18121"}],"wp:featuredmedia":[{"embeddable":true,"href":"https:\/\/www.sibuscascoche.com\/noticias\/wp-json\/wp\/v2\/media\/12797"}],"wp:attachment":[{"href":"https:\/\/www.sibuscascoche.com\/noticias\/wp-json\/wp\/v2\/media?parent=12672"}],"wp:term":[{"taxonomy":"category","embeddable":true,"href":"https:\/\/www.sibuscascoche.com\/noticias\/wp-json\/wp\/v2\/categories?post=12672"},{"taxonomy":"post_tag","embeddable":true,"href":"https:\/\/www.sibuscascoche.com\/noticias\/wp-json\/wp\/v2\/tags?post=12672"}],"curies":[{"name":"wp","href":"https:\/\/api.w.org\/{rel}","templated":true}]}}