{"id":12515,"date":"2017-12-21T10:10:12","date_gmt":"2017-12-21T09:10:12","guid":{"rendered":"https:\/\/www.sibuscascoche.com\/noticias\/?p=12515"},"modified":"2018-03-22T10:40:42","modified_gmt":"2018-03-22T09:40:42","slug":"javier-pardo-siota-entrevista","status":"publish","type":"post","link":"https:\/\/www.sibuscascoche.com\/noticias\/2017\/javier-pardo-siota-entrevista\/","title":{"rendered":"Javier Pardo Siota: \u00abMe siento satisfecho por haber conseguido estos tres t\u00edtulos que al principio de la temporada se ve\u00edan casi imposibles\u00bb"},"content":{"rendered":"<h5 style=\"text-align: center;\">Brillante temporada para Javier Pardo quien con 21 a\u00f1os se ha convertido en el ganador de tres t\u00edtulos: Campe\u00f3n de Espa\u00f1a de R2, Dos Ruedas Motrices (2RM) y J\u00fanior<\/h5>\n<p>El piloto, natural de Allariz, completa junto a su copiloto Adri\u00e1n P\u00e9rez y contra todo pron\u00f3stico una <strong>temporada muy exitosa<\/strong> compitiendo tanto en <strong>rallyes de asfalto<\/strong> como de <strong>tierra<\/strong> gracias al trabajo, ambici\u00f3n, dedicaci\u00f3n y sobre todo al entorno que les rodea. Javier Pardo <strong>se inici\u00f3<\/strong> en el mundo de los rallyes <strong>de la mano de su padre<\/strong>. Con \u00e9l disput\u00f3 varios rallyes de tierra como copiloto, hasta que alcanz\u00f3 la mayor\u00eda de edad para obtener el carn\u00e9 de conducir. Desde entonces, la <strong>carrera<\/strong> de este joven ha experimentado una continua evoluci\u00f3n, <strong>destacando por su rapidez<\/strong> <strong>en todos los terrenos<\/strong> que <strong>asombra a los cr\u00edticos<\/strong> del mundo de los rallyes a nivel nacional.<\/p>\n<p><b>PREGUNTA.\u00a0<\/b><strong><\/strong><strong>Campe\u00f3n de Espa\u00f1a en la categor\u00eda de rallyes de asfalto de dos ruedas motrices, <strong>en\u00a0<\/strong>la categor\u00eda R2 y J\u00fanior. Tras conseguir este triplete hist\u00f3rico en tu carrera, \u00bfc\u00f3mo te sientes?<\/strong> RESPUESTA.\u00a0Me siento satisfecho por haber conseguido estos tres t\u00edtulos que al principio de la temporada se ve\u00edan casi imposibles. Y muy orgulloso de poder brindar este triplete a toda la gente que me apoy\u00f3 durante todo el a\u00f1o y que nunca dej\u00f3 de confiar en m\u00ed; a pesar de los malos momentos por los que pasamos en alguna que otra prueba.<\/p>\n<blockquote>\n<h4><span style=\"color: #0071b9;\">Me siento satisfecho por haber conseguido estos tres t\u00edtulos que al principio de la temporada se ve\u00edan casi imposibles\u00bb<\/span><\/h4>\n<\/blockquote>\n<p><img loading=\"lazy\" decoding=\"async\" class=\"alignright size-full wp-image-12543\" alt=\"sibuscascoche-rally-javier-pardo-equipo\" src=\"https:\/\/www.sibuscascoche.com\/noticias\/wp-content\/uploads\/2017\/12\/sibuscascoche-rally-javier-pardo-equipo.jpg\" width=\"300\" height=\"200\" \/> <b>P.\u00a0<\/b><b>\u00bfC\u00f3mo ha sido esta temporada 2017 junto a tu copiloto Adri\u00e1n <b>P\u00e9rez<\/b>? Desde fuera parece que la relaci\u00f3n que ten\u00e9is es muy buena, \u00bfc\u00f3mo la describir\u00edas t\u00fa?\u00a0<\/b> R. La temporada al lado de Adri\u00e1n me ha resultado m\u00e1s sencilla y llevadera, ya que es un copiloto incre\u00edble y todav\u00eda m\u00e1s como persona. Tenemos una relaci\u00f3n muy buena tanto dentro, como fuera del coche. Creo que nos parecemos mucho, ya que ambos somos muy reservados y observadores. Tanto que hay pruebas en las que apenas hablamos por los enlaces de tramo a tramo.\u00a0Cada uno de nosotros somos buenos en nuestras funciones, as\u00ed que lo damos todo para ser el mejor equipo posible.<\/p>\n<blockquote>\n<h4><span style=\"color: #0071b9;\">Adri\u00e1n y yo nos parecemos mucho, ambos somos muy reservados y observadores\u00bb<\/span><\/h4>\n<\/blockquote>\n<p><b>P.\u00a0<\/b><strong>\u00bfC\u00f3mo logras cambiar el chip de conducci\u00f3n para pasar de asfalto a tierra?, \u00bfy la climatolog\u00eda, qu\u00e9 tal llevas la lluvia?<\/strong> R. Al principio es complicado, cuando tienes poca experiencia cuesta acostumbrarse. Luego, te adaptas m\u00e1s r\u00e1pido, eres capaz de cambiar de superficie y casi sin darte cuenta cambias la conducci\u00f3n. La climatolog\u00eda es algo que a\u00fan me cuesta bastante, aunque es cierto que las diferentes circunstancias que hemos vivido esta temporada me han ayudado mucho en este aspecto. Durante varios rallyes seguidos el tiempo fue inestable, con la lluvia como protagonista y a la cual no estaba muy acostumbrado. A\u00fan tengo mucho que mejorar en agua. Este a\u00f1o hemos acertado muy bien con la montura de neum\u00e1ticos, sobre todo cuando la situaci\u00f3n en pista no estaba muy clara. <b>P.<\/b><strong>\u00a0\u00bfDieta, entrenamiento f\u00edsico, t\u00e9cnica de conducci\u00f3n, cu\u00e1l es tu f\u00f3rmula para convertirte en campe\u00f3n de Espa\u00f1a?<\/strong> <img loading=\"lazy\" decoding=\"async\" class=\"alignright size-full wp-image-12541\" alt=\"sibuscascoche-rally-entrevista-javier-pardo\" src=\"https:\/\/www.sibuscascoche.com\/noticias\/wp-content\/uploads\/2017\/12\/sibuscascoche-rally-entrevista-javier-pardo.jpg\" width=\"300\" height=\"200\" \/>R. Este a\u00f1o me lo he tomado muy en serio, he bajado de peso entrenando en el gimnasio , donde debo agradecer a mi gran amigo, Jos\u00e9, su duro entrenamiento. Tambi\u00e9n he invertido muchas horas pensando y trabajando en las notas con la ayuda de mi padre, a quien le debo todo. Despu\u00e9s en cada carrera probamos cosas nuevas e intentamos encontrar el l\u00edmite con el fin de mejorar,\u00a0siempre que fuese posible. La f\u00f3rmula m\u00e1s importante consiste en tener ganas, ambici\u00f3n y dedicaci\u00f3n. Y tambi\u00e9n el ambiente que te rodea, en mi caso ha sido la clave.\u00a0Toda la gente de mi entorno me ha guiado por el buen camino, incluyendo a mi familia, el equipo, patrocinadores y amigos.<\/p>\n<blockquote>\n<h4><span style=\"color: #0071b9;\">La f\u00f3rmula m\u00e1s importante es tener ganas, ambici\u00f3n y dedicaci\u00f3n\u00bb<\/span><\/h4>\n<\/blockquote>\n<p><b>P.<\/b>\u00a0<strong>Tus inicios en el mundo del motor fueron como copiloto de tu padre cuando todav\u00eda no ten\u00edas carn\u00e9 de conducir, \u00bfc\u00f3mo recuerdas aquella \u00e9poca? \u00bfte acuerdas de la primera prueba que disputaste?<\/strong> R. Pues fue una etapa incre\u00edble, en la que aprend\u00ed mucho y conoc\u00ed de primera mano lo que era vivir desde dentro una prueba del nacional de tierra.\u00a0Si mal no recuerdo, mi primera prueba fue el Rally de Tierra del Bierzo de 2013 en el que salimos con un Subaru Impreza. <iframe loading=\"lazy\" name=\"afiliado-id\" src=\"https:\/\/www.sibuscascoche.com\/slider\/ofertas\/?id-afiliado=sbc\" height=\"265\" width=\"660\" scrolling=\"no\"><\/iframe> <strong>P.\u00a0Si pudieses viajar al pasado para enviarle un mensaje al Javier Pardo de hace 3 a\u00f1os, \u00bfqu\u00e9 le dir\u00edas?\u00a0<\/strong> R. Poco le tendr\u00eda que decir la verdad, siempre fui muy calmado y\u00a0 me dej\u00e9 llevar por mi padre que me gui\u00f3 en todo momento por el buen camino. En los\u00a0momentos malos y de tensi\u00f3n, quiz\u00e1s podr\u00eda haber estado m\u00e1s calmado, pero era muy joven y con mucho que aprender. <strong>P. \u00bfTienes alg\u00fan ritual o superstici\u00f3n antes de las carreras, alg\u00fan grito de celebraci\u00f3n tras completarla?<\/strong> R. No tengo nada en especial, aunque antes de salir de la asistencia siempre le doy un beso y un abrazo a mi padre. Luego, en el coche y antes de empezar la carrera, le doy la mano al copiloto y espero la cuenta atr\u00e1s.\u00a0Y cuando acabo la prueba, me limito a disfrutarlo con mi gente.<\/p>\n<blockquote>\n<h4><span style=\"color: #0071b9;\">Antes de salir de la asistencia siempre le doy un beso y un abrazo a mi padre\u00bb<\/span><\/h4>\n<\/blockquote>\n<p><strong>P. \u00bfTierra o asfalto? Si tuvieses que elegir una de las dos, \u00bfcu\u00e1l es tu favorita y por qu\u00e9?<\/strong> <img loading=\"lazy\" decoding=\"async\" class=\"alignright size-full wp-image-12542\" alt=\"sibuscascoche-rally-javier-pardo\" src=\"https:\/\/www.sibuscascoche.com\/noticias\/wp-content\/uploads\/2017\/12\/sibuscascoche-rally-javier-pardo.jpg\" width=\"300\" height=\"200\" \/>R. De momento la tierra, ya que fue la superficie donde destac\u00f3 mi padre y en la que aprend\u00ed yo. Las sensaciones que te da el coche en esta superficie son asombrosas, disfruto m\u00e1s que en el asfalto. Aunque ahora en el asfalto voy m\u00e1s r\u00e1pido y noto una adrenalina incre\u00edble. <strong>P. En tu carrera deportiva has pasado por una temporada marcada por problemas mec\u00e1nicos, si pudieras dise\u00f1ar el coche perfecto para competir \u00bfc\u00f3mo ser\u00eda?<\/strong> R. En el mundo del motor nunca sabes lo que puede pasar, en algunas ocasiones tuvimos mala suerte con la mec\u00e1nica, pero en otras muchas, no. El coche perfecto no existe, pero creo que los R2, R5 y WRC se acercan mucho. Son coches dise\u00f1ados estrictamente para rallyes con un estudio y evoluci\u00f3n constante por parte de los equipos. <strong>P. Cita los nombres de dos rivales: el primero con el que compartir\u00edas una tarde informal de \u00abca\u00f1as\u00bb y el segundo al que le dejar\u00edas las llaves de tu casa. \u00bfPor qu\u00e9?<\/strong> R. Para tomar unas \u201cca\u00f1as\u201d podr\u00eda tomarlas con cualquiera, me considero una persona sociable y divertida.\u00a0Como todo el mundo he entablado m\u00e1s amistad con alg\u00fan piloto mas que con otros, pero como para darle las llaves de mi casa \u00a1todav\u00eda no! <strong>P. \u00bfCu\u00e1les son tus prop\u00f3sitos para el 2018? \u00bfAlg\u00fan nuevo reto a corto o medio plazo?<\/strong> R. La temporada de 2018 a\u00fan no est\u00e1 del todo clara, en breve saldremos de dudas. Estamos esperando varias reuniones con los principales patrocinadores para cerrar el mejor proyecto posible para seguir creciendo y aprendiendo como piloto.<\/p>\n<p style=\"text-align: center;\"><a href=\"https:\/\/www.sibuscascoche.com\/coches-ocasion\/?utm_source=blog-noticias&amp;utm_medium=banner&amp;utm_campaign=entrevistas&amp;utm_content=entrevista-javier-pardo-siota\"><img loading=\"lazy\" decoding=\"async\" class=\"aligncenter  wp-image-9222 photo-gallery-shortcode\" title=\"Comprar coche de ocasi\u00f3n\" alt=\"Comprar coche de ocasi\u00f3n\" src=\"https:\/\/www.sibuscascoche.com\/noticias\/wp-content\/uploads\/2016\/10\/comprar-coche-segunda-mano-ocasion-km0.gif\" width=\"600\" height=\"99\" \/><\/a><\/p>\n","protected":false},"excerpt":{"rendered":"<p>Brillante temporada para Javier Pardo quien con 21 a\u00f1os se ha convertido en el ganador de tres t\u00edtulos: Campe\u00f3n de Espa\u00f1a de R2, Dos Ruedas Motrices (2RM) y J\u00fanior El<\/p>\n","protected":false},"author":1,"featured_media":12535,"comment_status":"closed","ping_status":"open","sticky":false,"template":"","format":"standard","meta":{"footnotes":""},"categories":[1,1034],"tags":[],"class_list":["post-12515","post","type-post","status-publish","format-standard","has-post-thumbnail","hentry","category-actualidad","category-entrevistas"],"_links":{"self":[{"href":"https:\/\/www.sibuscascoche.com\/noticias\/wp-json\/wp\/v2\/posts\/12515","targetHints":{"allow":["GET"]}}],"collection":[{"href":"https:\/\/www.sibuscascoche.com\/noticias\/wp-json\/wp\/v2\/posts"}],"about":[{"href":"https:\/\/www.sibuscascoche.com\/noticias\/wp-json\/wp\/v2\/types\/post"}],"author":[{"embeddable":true,"href":"https:\/\/www.sibuscascoche.com\/noticias\/wp-json\/wp\/v2\/users\/1"}],"replies":[{"embeddable":true,"href":"https:\/\/www.sibuscascoche.com\/noticias\/wp-json\/wp\/v2\/comments?post=12515"}],"version-history":[{"count":38,"href":"https:\/\/www.sibuscascoche.com\/noticias\/wp-json\/wp\/v2\/posts\/12515\/revisions"}],"predecessor-version":[{"id":12578,"href":"https:\/\/www.sibuscascoche.com\/noticias\/wp-json\/wp\/v2\/posts\/12515\/revisions\/12578"}],"wp:featuredmedia":[{"embeddable":true,"href":"https:\/\/www.sibuscascoche.com\/noticias\/wp-json\/wp\/v2\/media\/12535"}],"wp:attachment":[{"href":"https:\/\/www.sibuscascoche.com\/noticias\/wp-json\/wp\/v2\/media?parent=12515"}],"wp:term":[{"taxonomy":"category","embeddable":true,"href":"https:\/\/www.sibuscascoche.com\/noticias\/wp-json\/wp\/v2\/categories?post=12515"},{"taxonomy":"post_tag","embeddable":true,"href":"https:\/\/www.sibuscascoche.com\/noticias\/wp-json\/wp\/v2\/tags?post=12515"}],"curies":[{"name":"wp","href":"https:\/\/api.w.org\/{rel}","templated":true}]}}