{"id":124,"date":"2013-09-15T17:42:01","date_gmt":"2013-09-15T15:42:01","guid":{"rendered":"https:\/\/www.sibuscascoche.com\/noticias\/?p=124"},"modified":"2013-10-02T13:35:38","modified_gmt":"2013-10-02T11:35:38","slug":"llega-al-mercado-el-audi-a3-sedan","status":"publish","type":"post","link":"https:\/\/www.sibuscascoche.com\/noticias\/2013\/llega-al-mercado-el-audi-a3-sedan\/","title":{"rendered":"Llega al mercado el Audi A3 Sed\u00e1n"},"content":{"rendered":"<p>Con el Audi A3 Sed\u00e1n, la marca entra en el mayor segmento de mercado del mundo, el de los veh\u00edculos cuatro puertas compactos. Este modelo se comercializar\u00e1 a finales de verano, se trata de una berlina con car\u00e1cter coup\u00e9.<\/p>\n<p>El A3 Sed\u00e1n estar\u00e1 disponible con llantas de hasta 19 pulgadas e incorporar\u00e1 de serie una caja de cambios manual de seis velocidades. Es el de mayor tama\u00f1o entre los modelos disponibles bajo la denominaci\u00f3n A3 y mide 4,46 m de longitud.<\/p>\n<p>Los motores son todos turboalimentados y con inyecci\u00f3n directa de carburante. En principio, la gama estar\u00e1 compuesta de dos motores gasolina (1.4 TFSI de 140 CV y 1.8 TFSI de 180 CV) y un di\u00e9sel (2.0 TDI de 150 CV), aunque posteriormente se ampliar\u00e1 con una versi\u00f3n de 125 CV del 1.4 TFSI, y con el TDI de 1.6 litros y 105 CV.<\/p>\n<p>El interior del Sed\u00e1n est\u00e1 caracterizado por su comodidad y amplitud, adem\u00e1s de por la funcionalidad aportada por los sistemas MMI y Audi Connect y su precio se situar\u00e1 entre los 28.000 y los 35.000 euros aproximadamente.<\/p>\n","protected":false},"excerpt":{"rendered":"<p>Con el Audi A3 Sed\u00e1n, la marca entra en el mayor segmento de mercado del mundo, el de los veh\u00edculos cuatro puertas compactos. Este modelo se comercializar\u00e1 a finales de<\/p>\n","protected":false},"author":1,"featured_media":125,"comment_status":"closed","ping_status":"open","sticky":false,"template":"","format":"standard","meta":{"footnotes":""},"categories":[8],"tags":[18,1434,66,118],"class_list":["post-124","post","type-post","status-publish","format-standard","has-post-thumbnail","hentry","category-lanzamientos","tag-audi","tag-berlina","tag-compacto","tag-sedan"],"_links":{"self":[{"href":"https:\/\/www.sibuscascoche.com\/noticias\/wp-json\/wp\/v2\/posts\/124","targetHints":{"allow":["GET"]}}],"collection":[{"href":"https:\/\/www.sibuscascoche.com\/noticias\/wp-json\/wp\/v2\/posts"}],"about":[{"href":"https:\/\/www.sibuscascoche.com\/noticias\/wp-json\/wp\/v2\/types\/post"}],"author":[{"embeddable":true,"href":"https:\/\/www.sibuscascoche.com\/noticias\/wp-json\/wp\/v2\/users\/1"}],"replies":[{"embeddable":true,"href":"https:\/\/www.sibuscascoche.com\/noticias\/wp-json\/wp\/v2\/comments?post=124"}],"version-history":[{"count":7,"href":"https:\/\/www.sibuscascoche.com\/noticias\/wp-json\/wp\/v2\/posts\/124\/revisions"}],"predecessor-version":[{"id":567,"href":"https:\/\/www.sibuscascoche.com\/noticias\/wp-json\/wp\/v2\/posts\/124\/revisions\/567"}],"wp:featuredmedia":[{"embeddable":true,"href":"https:\/\/www.sibuscascoche.com\/noticias\/wp-json\/wp\/v2\/media\/125"}],"wp:attachment":[{"href":"https:\/\/www.sibuscascoche.com\/noticias\/wp-json\/wp\/v2\/media?parent=124"}],"wp:term":[{"taxonomy":"category","embeddable":true,"href":"https:\/\/www.sibuscascoche.com\/noticias\/wp-json\/wp\/v2\/categories?post=124"},{"taxonomy":"post_tag","embeddable":true,"href":"https:\/\/www.sibuscascoche.com\/noticias\/wp-json\/wp\/v2\/tags?post=124"}],"curies":[{"name":"wp","href":"https:\/\/api.w.org\/{rel}","templated":true}]}}