{"id":12375,"date":"2018-02-05T16:17:52","date_gmt":"2018-02-05T15:17:52","guid":{"rendered":"https:\/\/www.sibuscascoche.com\/noticias\/?p=12375"},"modified":"2018-02-05T16:17:52","modified_gmt":"2018-02-05T15:17:52","slug":"nuevo-opel-astra-debe-exito-comprar-coche","status":"publish","type":"post","link":"https:\/\/www.sibuscascoche.com\/noticias\/2018\/nuevo-opel-astra-debe-exito-comprar-coche\/","title":{"rendered":"Nuevo Opel Astra \u00bfa qu\u00e9 debe su \u00e9xito?"},"content":{"rendered":"<p>El <span style=\"color: #0071b9;\"><a title=\"Comprar coche Opel Astra | Sibuscascoche.com\" href=\"https:\/\/www.sibuscascoche.com\/coches-ocasion\/opel\/astra\"><span style=\"color: #0071b9;\"><strong>Opel Astra<\/strong><\/span><\/a><\/span> es uno de esos modelos ic\u00f3nicos de la marca alemana, un coche que lleva muchos a\u00f1os en nuestras carreteras y que aun as\u00ed sigue super\u00e1ndose. La nueva generaci\u00f3n del Opel Astra <strong>alcanza ya las 500.000 unidades vendidas<\/strong>; se encuentra en su mejor momento, es el <strong>segundo en el segmento europeo de compactos<\/strong> y est\u00e1 entre los tres primeros en los principales mercados. Adem\u00e1s, <strong>en los Pa\u00edses Bajos es el compacto m\u00e1s vendido<\/strong>. \u00bfQu\u00e9 es lo que nos encanta del Astra? Analizamos las claves de su \u00e9xito.<\/p>\n<p><img loading=\"lazy\" decoding=\"async\" class=\"alignright size-full wp-image-12377\" alt=\"opel astra, comprar coche\" src=\"https:\/\/www.sibuscascoche.com\/noticias\/wp-content\/uploads\/2017\/10\/opel-astra-coches-de-ocasion-baratos.jpg\" width=\"300\" height=\"200\" \/>La marca alemana destaca su<strong> ligereza, eficiencia, conectividad y los sistemas de asistencia la conducci\u00f3n<\/strong> como los principales puntos fuertes del modelo, pero\u2026 \u00bfqu\u00e9 opinan los clientes? \u00bfqu\u00e9 no puede faltar en un Astra? El 67% se ha decidido por incluir la <strong>c\u00e1mara Open Eye<\/strong> en su nuevo Opel, esta tecnolog\u00eda se combina con los distintos asistentes a la conducci\u00f3n haciendo los viajes m\u00e1s seguros. El <strong>Navi 900 IntelliLink<\/strong> es la segunda opci\u00f3n m\u00e1s demandada (55%) tiene una pantalla t\u00e1ctil de ocho pulgadas e integra el navegador. El c<strong>ontrol de crucero adaptativo y las luces matriciales LED Intellilux<\/strong> son otras de las opciones m\u00e1s populares al comprar el nuevo Astra.<\/p>\n<p>En cuanto a <strong>acabados<\/strong>, los triunfadores son el<strong> Dynamic y el Excellence<\/strong>, son los tope de gama del Astra y sin embargo, en Espa\u00f1a los elige m\u00e1s del 60% de los clientes. Cualquiera de estas opciones incluye un <strong>completo equipamiento de serie<\/strong> entre el que destaca el <strong>Opel OnStar<\/strong>, el sistema de conectividad y asistencia de la marca alemana. Con OnStar los conductores tienen respuesta autom\u00e1tica en caso de accidente, asistencia de veh\u00edculos robados, WIFI 4G para hasta siete dispositivos y un asistente que puede desde reservar un hotel hasta buscar aparcamiento.<\/p>\n<p>Como ves, lo que destaca del nuevo Astra son las opciones que mejoran la <strong>seguridad y conectividad<\/strong> del veh\u00edculo, adem\u00e1s de la <strong>relaci\u00f3n calidad precio de los acabados m\u00e1s altos<\/strong> de la gama \u00bfqu\u00e9 le pides t\u00fa al Astra?<\/p>\n","protected":false},"excerpt":{"rendered":"<p>El Opel Astra es uno de esos modelos ic\u00f3nicos de la marca alemana, un coche que lleva muchos a\u00f1os en nuestras carreteras y que aun as\u00ed sigue super\u00e1ndose. La nueva<\/p>\n","protected":false},"author":6,"featured_media":12378,"comment_status":"closed","ping_status":"open","sticky":false,"template":"","format":"standard","meta":{"footnotes":""},"categories":[1,7],"tags":[1231,47,41],"class_list":["post-12375","post","type-post","status-publish","format-standard","has-post-thumbnail","hentry","category-actualidad","category-turismos","tag-astra","tag-compactos","tag-opel"],"_links":{"self":[{"href":"https:\/\/www.sibuscascoche.com\/noticias\/wp-json\/wp\/v2\/posts\/12375","targetHints":{"allow":["GET"]}}],"collection":[{"href":"https:\/\/www.sibuscascoche.com\/noticias\/wp-json\/wp\/v2\/posts"}],"about":[{"href":"https:\/\/www.sibuscascoche.com\/noticias\/wp-json\/wp\/v2\/types\/post"}],"author":[{"embeddable":true,"href":"https:\/\/www.sibuscascoche.com\/noticias\/wp-json\/wp\/v2\/users\/6"}],"replies":[{"embeddable":true,"href":"https:\/\/www.sibuscascoche.com\/noticias\/wp-json\/wp\/v2\/comments?post=12375"}],"version-history":[{"count":6,"href":"https:\/\/www.sibuscascoche.com\/noticias\/wp-json\/wp\/v2\/posts\/12375\/revisions"}],"predecessor-version":[{"id":12696,"href":"https:\/\/www.sibuscascoche.com\/noticias\/wp-json\/wp\/v2\/posts\/12375\/revisions\/12696"}],"wp:featuredmedia":[{"embeddable":true,"href":"https:\/\/www.sibuscascoche.com\/noticias\/wp-json\/wp\/v2\/media\/12378"}],"wp:attachment":[{"href":"https:\/\/www.sibuscascoche.com\/noticias\/wp-json\/wp\/v2\/media?parent=12375"}],"wp:term":[{"taxonomy":"category","embeddable":true,"href":"https:\/\/www.sibuscascoche.com\/noticias\/wp-json\/wp\/v2\/categories?post=12375"},{"taxonomy":"post_tag","embeddable":true,"href":"https:\/\/www.sibuscascoche.com\/noticias\/wp-json\/wp\/v2\/tags?post=12375"}],"curies":[{"name":"wp","href":"https:\/\/api.w.org\/{rel}","templated":true}]}}