{"id":12353,"date":"2017-11-02T13:03:12","date_gmt":"2017-11-02T12:03:12","guid":{"rendered":"https:\/\/www.sibuscascoche.com\/noticias\/?p=12353"},"modified":"2018-03-21T09:08:46","modified_gmt":"2018-03-21T08:08:46","slug":"mejor-salon-frankfurt-2017-comprar-coche","status":"publish","type":"post","link":"https:\/\/www.sibuscascoche.com\/noticias\/2017\/mejor-salon-frankfurt-2017-comprar-coche\/","title":{"rendered":"Lo mejor del Sal\u00f3n de Frankfurt 2017"},"content":{"rendered":"<p>El mes pasado se celebraba el <strong>Sal\u00f3n de Frankfurt<\/strong> y no podemos dejar pasar la ocasi\u00f3n de hacer un repaso por el presente y futuro del autom\u00f3vil. Las distintas marcas nos revelaron algunos secretos que nos dan pistas de <strong>hacia d\u00f3nde camina el sector.<\/strong><strong>\u00a0<\/strong>Nosotros te lo resuminos en: dos SUV, tres deportivos de infarto y un coche reci\u00e9n llegado del fututro \u00a1vamos all\u00e1!<\/p>\n<p><strong><span style=\"color: #0071b9;\"><a title=\"Comprar Citro\u00ebn | Sibuscascoche.com\" href=\"https:\/\/www.sibuscascoche.com\/coches-ocasion\/citroen\"><span style=\"color: #0071b9;\">Citro\u00ebn<\/span><\/a><\/span>\u00a0C3 Aircross<\/strong><\/p>\n<p><img loading=\"lazy\" decoding=\"async\" class=\"alignright size-full wp-image-12358\" alt=\"comprar citroen, comprar coche\" src=\"https:\/\/www.sibuscascoche.com\/noticias\/wp-content\/uploads\/2017\/10\/comprar-coche-salon-de-frankfurt.jpg\" width=\"300\" height=\"200\" \/><\/p>\n<p>Citro\u00ebn contin\u00faa centrado en los SUV, su nuevo C3 Aircross destaca por su espacio y luminosidad interior. Busca ofrecer un <strong>est\u00e1ndar superior de comodidad, tecnolog\u00eda y confort para los SUV compactos<\/strong>. Tiene un <strong>original dise\u00f1o<\/strong>, fresco y potente, que busca conquistar a los corazones aventureros.<\/p>\n<p><strong>Hyundai Kona<\/strong><\/p>\n<p>Tambi\u00e9n Hyundai apuesta para este a\u00f1o por los SUV compactos y nos presentaba en Frankfurt su modelo <strong>Kona<\/strong>. Destaca por un <strong>aspecto agresivo y una conducci\u00f3n muy deportiva<\/strong> especialmente adaptada a la ciudad. Tiene un estilo joven y moderno. El Kona promete acompa\u00f1arte en cada desaf\u00edo \u00bfcumplir\u00e1 las expectativas?<\/p>\n<p><strong>Audi R8 RWS<\/strong><\/p>\n<p>Estamos ante el primer modelo de <strong>propulsi\u00f3n trasera <\/strong>como edici\u00f3n limitada, el Audi R8 RWS, todo un coche de competici\u00f3n totalmente adaptado para la carretera.\u00a0 Solo hay <strong>999 unidades<\/strong> y se ensamblan a mano \u00a1menuda joya este deportivo!<\/p>\n<p><strong>BWM i8 Roadster<\/strong><\/p>\n<p>Descubre la <strong>conducci\u00f3n silenciosa y sin emisiones<\/strong> de la gama \u201ci\u201d esta vez a cielo abierto, el BMW i8 Roadster tendr\u00e1 <strong>entre 266 y 310 kW<\/strong> \u00bfte atreves a probarlo?<\/p>\n<p><strong>Lamborghini Aventador S Roadster<\/strong><\/p>\n<p>El deportivo m\u00e1s exclusivo de la lista es, sin duda, el Aventador. Son <strong>710 CV<\/strong> de potencia al aire libre, solo apto para adictos a la adrenalina. Con <strong>l\u00edneas muy din\u00e1micas y techo desmontable<\/strong> este deportivo busca hacerte volar. El interior ofrece materiales de <strong>calidad superior y m\u00e1s tecnolog\u00eda de la que puedas imaginar<\/strong> \u00bferes un so\u00f1ador?<\/p>\n<p><strong>Renault Symbioz<\/strong><\/p>\n<p>El Symbioz es un Renault pensado <strong>para el a\u00f1o 2030<\/strong>, es un coche <strong>el\u00e9ctrico, aut\u00f3nomo y conectado incluso con nuestra vivienda<\/strong>. La marca tambi\u00e9n pretende hacernos sentir como en casa mientras conducimos, por lo que todo el <strong>habit\u00e1culo est\u00e1 orientado a la comodidad del conductor<\/strong> \u00bfquieres sentir que no has salido de tu sof\u00e1? \u00a1Este es tu coche!<\/p>\n","protected":false},"excerpt":{"rendered":"<p>El mes pasado se celebraba el Sal\u00f3n de Frankfurt y no podemos dejar pasar la ocasi\u00f3n de hacer un repaso por el presente y futuro del autom\u00f3vil. Las distintas marcas<\/p>\n","protected":false},"author":6,"featured_media":12357,"comment_status":"closed","ping_status":"open","sticky":false,"template":"","format":"standard","meta":{"footnotes":""},"categories":[8],"tags":[1432,1229],"class_list":["post-12353","post","type-post","status-publish","format-standard","has-post-thumbnail","hentry","category-lanzamientos","tag-lanzamientos","tag-salon-de-frankfurt"],"_links":{"self":[{"href":"https:\/\/www.sibuscascoche.com\/noticias\/wp-json\/wp\/v2\/posts\/12353","targetHints":{"allow":["GET"]}}],"collection":[{"href":"https:\/\/www.sibuscascoche.com\/noticias\/wp-json\/wp\/v2\/posts"}],"about":[{"href":"https:\/\/www.sibuscascoche.com\/noticias\/wp-json\/wp\/v2\/types\/post"}],"author":[{"embeddable":true,"href":"https:\/\/www.sibuscascoche.com\/noticias\/wp-json\/wp\/v2\/users\/6"}],"replies":[{"embeddable":true,"href":"https:\/\/www.sibuscascoche.com\/noticias\/wp-json\/wp\/v2\/comments?post=12353"}],"version-history":[{"count":9,"href":"https:\/\/www.sibuscascoche.com\/noticias\/wp-json\/wp\/v2\/posts\/12353\/revisions"}],"predecessor-version":[{"id":12467,"href":"https:\/\/www.sibuscascoche.com\/noticias\/wp-json\/wp\/v2\/posts\/12353\/revisions\/12467"}],"wp:featuredmedia":[{"embeddable":true,"href":"https:\/\/www.sibuscascoche.com\/noticias\/wp-json\/wp\/v2\/media\/12357"}],"wp:attachment":[{"href":"https:\/\/www.sibuscascoche.com\/noticias\/wp-json\/wp\/v2\/media?parent=12353"}],"wp:term":[{"taxonomy":"category","embeddable":true,"href":"https:\/\/www.sibuscascoche.com\/noticias\/wp-json\/wp\/v2\/categories?post=12353"},{"taxonomy":"post_tag","embeddable":true,"href":"https:\/\/www.sibuscascoche.com\/noticias\/wp-json\/wp\/v2\/tags?post=12353"}],"curies":[{"name":"wp","href":"https:\/\/api.w.org\/{rel}","templated":true}]}}