{"id":12313,"date":"2017-10-09T16:43:33","date_gmt":"2017-10-09T14:43:33","guid":{"rendered":"https:\/\/www.sibuscascoche.com\/noticias\/?p=12313"},"modified":"2017-10-09T16:43:33","modified_gmt":"2017-10-09T14:43:33","slug":"jose-alonso-liste-entrevista","status":"publish","type":"post","link":"https:\/\/www.sibuscascoche.com\/noticias\/2017\/jose-alonso-liste-entrevista\/","title":{"rendered":"Jos\u00e9 Alonso Liste: \u00abSi tuviese que elegir una categor\u00eda, sin duda, elegir\u00eda la F\u00f3rmula 2\u00bb"},"content":{"rendered":"<h5 style=\"text-align: center;\"><span style=\"color: #339966;\"><span style=\"color: #000000;\">A sus 27 a\u00f1os, el joven piloto, ya ha competido en diferentes categor\u00edas del automovilismo, desde el karting hasta la F2 y ha participado en relevantes competiciones internacionales como la F\u00f3rmula Palmer Audi<\/span><br \/>\n<\/span><\/h5>\n<p>El piloto lucense inici\u00f3 su carrera en el karting de la mano de su padre, qui\u00e9n le inculc\u00f3 su pasi\u00f3n por el mundo del motor. Desde entonces, la carrera de Jos\u00e9 Alonso ha progresado continuamente llegando incluso a <strong>competir en la F\u00f3rmula 2<\/strong>, uno de los desaf\u00edos m\u00e1s dif\u00edciles de su carrera deportiva. Tras no obtener el respaldo econ\u00f3mico suficiente para seguir compitiendo en dicha categor\u00eda,<strong> el piloto dio un salto a los turismos, con un objetivo claro: ganar.<\/strong><\/p>\n<p>Actualmente compite en los rallies con un Mini Rally N2 y junto a su copiloto, <strong>Javier Prieto<\/strong>, con qui\u00e9n ha trabajado en su adaptaci\u00f3n en esta nueva categor\u00eda. En esta \u00faltima temporada se siente muy contento, ya que<strong> ambos han conseguido crear un buen entorno en el coche de carreras:<\/strong> \u00abAlgo fundamental para tener esa confianza que te permite ir r\u00e1pido\u00bb se\u00f1ala el piloto. La pr\u00f3xima temporada, en 2018, <strong>Jos\u00e9 Alonso anuncia que seguir\u00e1 probando nuevas disciplinas, como la monta\u00f1a;\u00a0<\/strong>una categor\u00eda muy atractiva para \u00e9l y apunta que es: \u00abMucho m\u00e1s explosiva con pocos kil\u00f3metros en los que tienes que dar el m\u00e1ximo para estar arriba\u00bb.<strong><br \/>\n<\/strong><\/p>\n<p><b>PREGUNTA.<\/b><strong>\u00a0Empezaste a correr muy joven en karts, \u00bfHasta qu\u00e9 punto crees que influy\u00f3 en ti la pasi\u00f3n de tu padre por este deporte?<\/strong><\/p>\n<p style=\"text-align: left;\">RESPUESTA. Cuando empec\u00e9, a los 4 a\u00f1os, mi pasi\u00f3n ven\u00eda de dentro, todo lo que ten\u00eda ruedas me encantaba por lo que mi padre me compr\u00f3 mi primer kart; pero lo que m\u00e1s influy\u00f3 fue la uni\u00f3n de su gusto por los coches y el m\u00edo, por las ruedas.<\/p>\n<p style=\"text-align: left;\"><strong>P. Has pasado por muchas categor\u00edas en estos a\u00f1os, karting, F<\/strong><strong>\u00f3rmula 2, Mi<\/strong><strong>ni Challenge y los rallies, donde compites ahora, \u00bfqu\u00e9 desaf\u00edos propios crees que tiene cada una de ellas para un piloto?<\/strong><\/p>\n<p><img loading=\"lazy\" decoding=\"async\" class=\"size-full wp-image-12336 alignright\" alt=\"jose-alonso-liste-karts\" src=\"https:\/\/www.sibuscascoche.com\/noticias\/wp-content\/uploads\/2017\/10\/jose-alonso-liste-karts.jpg\" width=\"300\" height=\"200\" \/>R. Cada categor\u00eda tiene sus desaf\u00edos y es diferente.\u00a0El karting es una escuela, en la que hay que aprovechar esa etapa al m\u00e1ximo para aprender a hacer amigos y empezar a formarte como piloto.\u00a0Luego el paso natural son los f\u00f3rmulas, en mi caso hicimos el m\u00e1ster junior y varios tests en la F\u00f3rmula BMW, que es una categor\u00eda de f\u00f3rmulas peque\u00f1os, en la que das el primer paso como piloto, pasas de ser un piloto de karting a F\u00f3rmula y\u00a0empiezas a encaminarte hacia un futuro como piloto profesional.\u00a0Este es un momento clave en el que tienes que empezar a dedicar todo tu tiempo y ver si realmente puedes luchar con los mejores. En mi caso me propusieron dar el salto a la F\u00f3rmula 3 donde realmente empec\u00e9 a ser un piloto profesional, aprend\u00ed much\u00edsimas cosas, luch\u00e9 de t\u00fa a t\u00fa con los mejores, futuros pilotos de grandes categor\u00edas.\u00a0En la F\u00f3rmula 3 el desaf\u00edo es seguir evolucionando, en nuestro caso decidimos dar un giro e ir a la cuna del automovilismo que es Inglaterra, d\u00f3nde conoc\u00ed a Jonathan Palmer corriendo la F\u00f3rmula Palmer Audi.\u00a0All\u00ed hab\u00eda coches muy potentes y dif\u00edciles de conducir donde la igualdad era m\u00e1xima. El gran reto de Inglaterra fue que tuve que adaptarme a un nuevo pa\u00eds, idioma, forma de trabajar y sobre todo a correr con un monoplaza muy potente y dif\u00edcil de conducir.<\/p>\n<blockquote>\n<h4><span style=\"color: #0071b9;\">En la F\u00f3rmula 3 el desaf\u00edo es seguir evolucionando, en nuestro caso decidimos dar un giro e ir a la cuna del automovilismo que es Inglaterra, d\u00f3nde conoc\u00ed a Jonathan Palmer corriendo la F\u00f3rmula Palmer Audi\u00bb<\/span><\/h4>\n<\/blockquote>\n<p>El siguiente desaf\u00edo fue la F\u00f3rmula 2, donde ya casi te ves en la cima del automovilismo rozando el sue\u00f1o de cualquier ni\u00f1o, este es el paso m\u00e1s dif\u00edcil de toda carrera deportiva y en mi caso tambi\u00e9n lo fue; los presupuestos son muy elevados y ese fue nuestro h\u00e1ndicap para poder continuar.\u00a0En la F\u00f3rmula 2 el primer reto es econ\u00f3mico, luego, el resto va saliendo con trabajo y sacrificio. Tras la F2, di un salto a los turismos, con Mini, y con un objetivo claro: ganar. Algo muy complicado, ya que cambi\u00e9 de un monoplaza tracci\u00f3n trasera y 410 KW (550 CV) a un carrozado de 157 KW (211 CV) y tracci\u00f3n delantera; por lo que adaptarme al coche fue todo un reto.<\/p>\n<blockquote>\n<h4><span style=\"color: #0071b9;\">En la F\u00f3rmula 2 el primer reto es econ\u00f3mico, luego, el resto va saliendo con trabajo y sacrificio\u00bb<\/span><\/h4>\n<\/blockquote>\n<p style=\"text-align: left;\">Mi \u00faltimo paso, por el momento, ha sido los rallies: una disciplina nueva para m\u00ed, en la que el mayor desaf\u00edo es adaptarte a unas condiciones de pista cambiantes y a tener copiloto.<\/p>\n<p style=\"text-align: left;\"><strong>P. \u00bfSi tuvieras que elegir una categor\u00eda por los recuerdos que te despierta, cu\u00e1l ser\u00eda?<\/strong><\/p>\n<p style=\"text-align: left;\"><strong><\/strong>R. Sin duda, la F\u00f3rmula 2, es un orgullo llegar hasta ah\u00ed, tanto para m\u00ed, como para todo mi entorno y mi familia. Son momentos \u00fanicos con los que siempre sue\u00f1as y un d\u00eda se hacen realidad.\u00a0Despu\u00e9s de llevar toda una vida trabajando, lo definir\u00eda como algo \u00fanico y me siento un privilegiado por todo lo que hemos conseguido.<\/p>\n<p><iframe loading=\"lazy\" name=\"afiliado-id\" src=\"https:\/\/www.sibuscascoche.com\/slider\/ofertas\/?id-afiliado=sbc\" height=\"265\" width=\"660\" scrolling=\"no\"><\/iframe><\/p>\n<p style=\"text-align: left;\"><strong>P. Llevas mucho tiempo corriendo con Javier Prieto de copiloto, \u00bfcu\u00e1l dir\u00edas que es vuestro nivel de compenetraci\u00f3n? \u00bfPor qu\u00e9?<\/strong><\/p>\n<p style=\"text-align: left;\">R. Javi y yo tenemos una compenetraci\u00f3n absoluta. Llevamos ya varias temporadas y despu\u00e9s de trabajar mucho en mi adaptaci\u00f3n hemos conseguido crear un buen entorno en el coche, algo fundamental para tener esa confianza que te permite ir r\u00e1pido.<\/p>\n<p style=\"text-align: left;\"><strong>P. De todas las carreras que has realizado en tu vida, y sabemos que han sido muchas, \u00bfcu\u00e1l es la que recuerdas con m\u00e1s cari\u00f1o? \u00bfPor qu\u00e9?<\/strong><\/p>\n<p style=\"text-align: left;\"><img loading=\"lazy\" decoding=\"async\" class=\"alignright size-full wp-image-12337\" alt=\"jose-alonso-liste-palmer\" src=\"https:\/\/www.sibuscascoche.com\/noticias\/wp-content\/uploads\/2017\/10\/jose-alonso-liste-palmer.jpg\" width=\"300\" height=\"197\" \/>R. Sin duda, Silverstone en la F\u00f3rmula Palmer Audi, la segunda carrera en el campeonato y en Inglaterra, la cuna del automovilismo, en un circuito \u00fanico y con unas condiciones dif\u00edciles, en la que logramos la pole en agua y ganar la carrera en seco.\u00a0Esa victoria me abri\u00f3 las puertas de Jonathan Palmer, qui\u00e9n se sorprendi\u00f3 con la haza\u00f1a; ya que es muy dif\u00edcil que un piloto nuevo en su segunda carrera con el coche llegue a ganar. Desde ese momento \u00e9l siempre me ha ayudado. Y junto con \u00e9l mucha m\u00e1s gente.<\/p>\n<p style=\"text-align: left;\"><strong>P. \u00bfHay algo especial cuando corres en Galicia?, \u00bfNotas m\u00e1s el calor de los aficionados o sientes m\u00e1s presi\u00f3n?<\/strong><\/p>\n<p style=\"text-align: left;\">R. Correr en Galicia siempre es especial; porque corres en casa y eso me hace sentir arropado por toda mi gente. Realmente es un momento en el que ves a mucha m\u00e1s gente anim\u00e1ndote de la que te hab\u00edas imaginado. Nunca he sentido presi\u00f3n por correr en mi tierra.<\/p>\n<p style=\"text-align: left;\"><strong>P. \u00bfQu\u00e9 puntos fuertes tiene tu Mini Rally N2?<\/strong><\/p>\n<p style=\"text-align: left;\"><img loading=\"lazy\" decoding=\"async\" class=\"alignright size-full wp-image-12339\" alt=\"jose-alonso-liste-palmer-mini\" src=\"https:\/\/www.sibuscascoche.com\/noticias\/wp-content\/uploads\/2017\/10\/jose-alonso-liste-palmer-mini.jpg\" width=\"300\" height=\"200\" \/>R. Bueno, no destacar\u00eda uno en concreto, hemos trabajado mucho en el coche y ahora tenemos un coche muy r\u00e1pido y efectivo; un coche que tiene una correcta tracci\u00f3n, que transmite buenas sensaciones, que frena muy bien, tiene un chasis muy trabajado con buenas suspensiones, buen motor y una caja de cambios impresionante. En general tiene un balance positivo y es un buen coche de carreras.<\/p>\n<p style=\"text-align: left;\"><strong>P. Si pudieras, en un mundo ideal, \u00bfqu\u00e9 cambiar\u00edas de tu coche?<\/strong><\/p>\n<p style=\"text-align: left;\">R. Ahora mismo, si pudiera cambiar\u00eda de coche, (risas). El Mini para ser un dos ruedas motrices, es de los mejores coches que tenemos en Espa\u00f1a muy r\u00e1pido y fiable; el siguiente paso ser\u00eda algo mas grande.<\/p>\n<p style=\"text-align: left;\"><strong>P. A lo largo de tu trayectoria has tenido dificultades por falta de patrocinadores, \u00bfqu\u00e9 crees que se podr\u00eda hacer desde las entidades privadas o desde las instituciones para solucionar este problema recurrente?<\/strong><\/p>\n<p style=\"text-align: left;\"><strong><\/strong>R. Las instituciones y entidades privadas deber\u00edan apostar m\u00e1s por este sector, en el que se puede sacar un gran rendimiento, pero el principal problema para conseguir los patrocinios reside en las federaciones y los organizadores.\u00a0Hay que buscar el mayor retorno posible para el patrocinador y en eso los organizadores y la federaci\u00f3n tendr\u00edan que buscar m\u00e1s repercusi\u00f3n de los campeonatos para que las empresas apuesten por nosotros y lo consideren una inversi\u00f3n rentable.<\/p>\n<blockquote>\n<h4 style=\"text-align: left;\"><span style=\"color: #0071b9;\">Las instituciones y entidades privadas deber\u00edan apostar m\u00e1s por este sector, en el que se puede sacar un gran rendimiento\u00bb<\/span><\/h4>\n<h4 style=\"text-align: left;\"><\/h4>\n<\/blockquote>\n<p style=\"text-align: left;\"><strong>P. \u00bfCu\u00e1l es el siguiente paso para ti profesionalmente, metas a la vista?<\/strong><\/p>\n<p style=\"text-align: left;\">R. Ahora mismo tengo varios proyectos en mente, 2018 quiero que sea un buen a\u00f1o, primero tengo que recuperarme al 100% f\u00edsicamente y luego buscar la mejor opci\u00f3n. Actualmente tengo en mente dos opciones: los rallies o la monta\u00f1a, este a\u00f1o he podido probar en esta disciplina y me encant\u00f3, es similar a los circuitos pero mucho m\u00e1s explosiva con pocos kil\u00f3metros en los que tienes que dar el m\u00e1ximo para estar arriba. Me considero un piloto polivalente, he pasado del karting a los f\u00f3rmulas, turismos, y luego rallies. Poco m\u00e1s me queda por probar, monta\u00f1a y resistencia (risas).<\/p>\n<p style=\"text-align: center;\"><a href=\"https:\/\/www.sibuscascoche.com\/coches-ocasion\/?utm_source=blog-noticias&amp;utm_medium=banner&amp;utm_campaign=entrevistas&amp;utm_content=entrevista-jose-alonso-liste\"><img loading=\"lazy\" decoding=\"async\" class=\"aligncenter  wp-image-9222 photo-gallery-shortcode\" title=\"Comprar coche de ocasi\u00f3n\" alt=\"Comprar coche de ocasi\u00f3n\" src=\"https:\/\/www.sibuscascoche.com\/noticias\/wp-content\/uploads\/2016\/10\/comprar-coche-segunda-mano-ocasion-km0.gif\" width=\"600\" height=\"99\" \/><\/a><\/p>\n","protected":false},"excerpt":{"rendered":"<p>A sus 27 a\u00f1os, el joven piloto, ya ha competido en diferentes categor\u00edas del automovilismo, desde el karting hasta la F2 y ha participado en relevantes competiciones internacionales como la<\/p>\n","protected":false},"author":1,"featured_media":12335,"comment_status":"closed","ping_status":"open","sticky":false,"template":"","format":"standard","meta":{"footnotes":""},"categories":[1,1034],"tags":[],"class_list":["post-12313","post","type-post","status-publish","format-standard","has-post-thumbnail","hentry","category-actualidad","category-entrevistas"],"_links":{"self":[{"href":"https:\/\/www.sibuscascoche.com\/noticias\/wp-json\/wp\/v2\/posts\/12313","targetHints":{"allow":["GET"]}}],"collection":[{"href":"https:\/\/www.sibuscascoche.com\/noticias\/wp-json\/wp\/v2\/posts"}],"about":[{"href":"https:\/\/www.sibuscascoche.com\/noticias\/wp-json\/wp\/v2\/types\/post"}],"author":[{"embeddable":true,"href":"https:\/\/www.sibuscascoche.com\/noticias\/wp-json\/wp\/v2\/users\/1"}],"replies":[{"embeddable":true,"href":"https:\/\/www.sibuscascoche.com\/noticias\/wp-json\/wp\/v2\/comments?post=12313"}],"version-history":[{"count":36,"href":"https:\/\/www.sibuscascoche.com\/noticias\/wp-json\/wp\/v2\/posts\/12313\/revisions"}],"predecessor-version":[{"id":12527,"href":"https:\/\/www.sibuscascoche.com\/noticias\/wp-json\/wp\/v2\/posts\/12313\/revisions\/12527"}],"wp:featuredmedia":[{"embeddable":true,"href":"https:\/\/www.sibuscascoche.com\/noticias\/wp-json\/wp\/v2\/media\/12335"}],"wp:attachment":[{"href":"https:\/\/www.sibuscascoche.com\/noticias\/wp-json\/wp\/v2\/media?parent=12313"}],"wp:term":[{"taxonomy":"category","embeddable":true,"href":"https:\/\/www.sibuscascoche.com\/noticias\/wp-json\/wp\/v2\/categories?post=12313"},{"taxonomy":"post_tag","embeddable":true,"href":"https:\/\/www.sibuscascoche.com\/noticias\/wp-json\/wp\/v2\/tags?post=12313"}],"curies":[{"name":"wp","href":"https:\/\/api.w.org\/{rel}","templated":true}]}}