{"id":12311,"date":"2018-01-11T16:33:17","date_gmt":"2018-01-11T15:33:17","guid":{"rendered":"https:\/\/www.sibuscascoche.com\/noticias\/?p=12311"},"modified":"2018-01-11T16:33:17","modified_gmt":"2018-01-11T15:33:17","slug":"suv-porsche-nueva-imagen-cayenne-2018","status":"publish","type":"post","link":"https:\/\/www.sibuscascoche.com\/noticias\/2018\/suv-porsche-nueva-imagen-cayenne-2018\/","title":{"rendered":"El primer SUV de Porsche tiene nueva imagen, llega el Cayenne 2018"},"content":{"rendered":"<p>El Porsche Cayenne fue en su momento el primer SUV de la marca y desde entonces ha sabido ir adapt\u00e1ndose a los tiempos en sus diferentes encarnaciones. Llega ahora, en 2018, la tercera generaci\u00f3n de este crossover y lo hace reformando su dise\u00f1o pero manteniendo las caracter\u00edsticas propias que lo hicieron uno de los coches m\u00e1s interesantes de Porsche. As\u00ed es el <strong>Porsche Cayenne 2018.<\/strong><\/p>\n<p>En la parte trasera incorpora una de las caracter\u00edsticas que se est\u00e1n haciendo m\u00edticas gracias a los \u00faltimos modelos sacados por la marca alemana,<strong> los grupos \u00f3pticos traseros se unen por una tira lum\u00ednica y en ella se puede leer el nombre de Porsche<\/strong>. El frontal tiene grandes entradas de aire y faros LED de dise\u00f1o similar a otros modelos. Todo para marcar un <strong>estilo claramente deportivo, pero tambi\u00e9n robusto<\/strong>, a lo que contribuyen sus medidas, ya que tiene 4,91 metros de longitud, 1,98 m de anchura y 1,69 de altura, adem\u00e1s de su espectacular maletero de 770 litros.<\/p>\n<p><img loading=\"lazy\" decoding=\"async\" class=\"alignright size-full wp-image-12317\" alt=\"Porsche ocasi\u00f3n\" src=\"https:\/\/www.sibuscascoche.com\/noticias\/wp-content\/uploads\/2017\/10\/porsche-cayenne-s-2018.jpg\" width=\"300\" height=\"200\" \/><\/p>\n<p>En el interior, podemos apreciar como<strong> el salpicadero es completamente dominado por la espectacular pantalla de 12,3 pulgadas<\/strong> desde la que se controlan la mayor\u00eda de las funciones del veh\u00edculo, incluido el sistema de <strong>infoentretenimiento, la conectividad y sus m\u00faltiples sistemas offroad<\/strong>. No hay botones f\u00edsicos ya que todo se controla desde su consola central que vibra al darle la orden como si fuera un particular \u201crecibido\u201d (algo que recuerda a otro icono de la marca, el Porsche Panamera).<\/p>\n<p>En cuanto a su motorizaci\u00f3n se podr\u00e1 elegir entre dos motores, los dos de gasolina, un <strong>3.0 turbo que genera 254 kW (340 CV)<\/strong>, con una aceleraci\u00f3n de 0 a 100 km\/h en 5,9 segundos y un <strong>2.9 V6 biturbo que genera una potencia de 328 kW (440 CV)<\/strong>. Aunque despu\u00e9s de su lanzamiento Porsche sacar\u00e1 otras versiones en las que predominar\u00e1n los h\u00edbridos enchufables. Sin duda un coche \u00fanico para una marca m\u00edtica.<\/p>\n","protected":false},"excerpt":{"rendered":"<p>El Porsche Cayenne fue en su momento el primer SUV de la marca y desde entonces ha sabido ir adapt\u00e1ndose a los tiempos en sus diferentes encarnaciones. Llega ahora, en<\/p>\n","protected":false},"author":6,"featured_media":12315,"comment_status":"closed","ping_status":"open","sticky":false,"template":"","format":"standard","meta":{"footnotes":""},"categories":[1],"tags":[],"class_list":["post-12311","post","type-post","status-publish","format-standard","has-post-thumbnail","hentry","category-actualidad"],"_links":{"self":[{"href":"https:\/\/www.sibuscascoche.com\/noticias\/wp-json\/wp\/v2\/posts\/12311","targetHints":{"allow":["GET"]}}],"collection":[{"href":"https:\/\/www.sibuscascoche.com\/noticias\/wp-json\/wp\/v2\/posts"}],"about":[{"href":"https:\/\/www.sibuscascoche.com\/noticias\/wp-json\/wp\/v2\/types\/post"}],"author":[{"embeddable":true,"href":"https:\/\/www.sibuscascoche.com\/noticias\/wp-json\/wp\/v2\/users\/6"}],"replies":[{"embeddable":true,"href":"https:\/\/www.sibuscascoche.com\/noticias\/wp-json\/wp\/v2\/comments?post=12311"}],"version-history":[{"count":5,"href":"https:\/\/www.sibuscascoche.com\/noticias\/wp-json\/wp\/v2\/posts\/12311\/revisions"}],"predecessor-version":[{"id":12670,"href":"https:\/\/www.sibuscascoche.com\/noticias\/wp-json\/wp\/v2\/posts\/12311\/revisions\/12670"}],"wp:featuredmedia":[{"embeddable":true,"href":"https:\/\/www.sibuscascoche.com\/noticias\/wp-json\/wp\/v2\/media\/12315"}],"wp:attachment":[{"href":"https:\/\/www.sibuscascoche.com\/noticias\/wp-json\/wp\/v2\/media?parent=12311"}],"wp:term":[{"taxonomy":"category","embeddable":true,"href":"https:\/\/www.sibuscascoche.com\/noticias\/wp-json\/wp\/v2\/categories?post=12311"},{"taxonomy":"post_tag","embeddable":true,"href":"https:\/\/www.sibuscascoche.com\/noticias\/wp-json\/wp\/v2\/tags?post=12311"}],"curies":[{"name":"wp","href":"https:\/\/api.w.org\/{rel}","templated":true}]}}