{"id":12216,"date":"2017-12-15T11:16:12","date_gmt":"2017-12-15T10:16:12","guid":{"rendered":"https:\/\/www.sibuscascoche.com\/noticias\/?p=12216"},"modified":"2017-12-15T11:16:12","modified_gmt":"2017-12-15T10:16:12","slug":"audi-registrado-nombre-rs-q8","status":"publish","type":"post","link":"https:\/\/www.sibuscascoche.com\/noticias\/2017\/audi-registrado-nombre-rs-q8\/","title":{"rendered":"\u00a1Por fin! Audi ha registrado el nombre de RS Q8"},"content":{"rendered":"<p>Llevamos meses hablando del futuro Q8, la potencia que tendr\u00e1, prestaciones, mec\u00e1nicas\u2026 y es que cada cosa que pasa con este futuro SUV de Audi se convierte en noticia porque la expectaci\u00f3n de todos los fans de la marca es m\u00e1xima. La siguiente noticia viene a tranquilizar a todos los que esperaban con ansias la confirmaci\u00f3n de que todo sigue viento en popa para la versi\u00f3n RS, el que se convertir\u00e1 en <strong>el todocamino m\u00e1s deportivo<\/strong> de los que se pueden encontrar en el mercado automovil\u00edstico.<\/p>\n<p><img loading=\"lazy\" decoding=\"async\" class=\"alignright size-full wp-image-12219\" alt=\"Audi ocasi\u00f3n\" src=\"https:\/\/www.sibuscascoche.com\/noticias\/wp-content\/uploads\/2017\/09\/Audi-Q8-concept-interior.jpg\" width=\"300\" height=\"200\" \/><\/p>\n<p>Y es que <strong>Audi ha registrado ya en la Oficina de Propiedad Intelectual de la Uni\u00f3n Europea el nombre de Audi RS Q8<\/strong> por lo que parece que estamos cada vez m\u00e1s un poquito m\u00e1s cerca de que por fin sea una realidad en nuestras carreteras. Y es que desde que el prototipo del Q8 se presentara en el Sal\u00f3n de Ginebra de este a\u00f1o todo lo que rodea a este SUV es noticia y m\u00e1s desde que sabemos que se podr\u00e1 disponer de una <strong>versi\u00f3n totalmente el\u00e9ctrica<\/strong> (el <strong>Audi e-tron quattro<\/strong>), algo que todav\u00eda no es muy com\u00fan en este tipo de SUV pero que sin duda lo acabar\u00e1 siendo porque, entre otras cosas, cualquier cosa que hace la marca de los cuatro aros es replicada mil veces por sus competidores. Ahora ya tenemos tambi\u00e9n la confirmaci\u00f3n de que podremos disponer en el Viejo Continente de la <strong>versi\u00f3n ultradeportiva<\/strong>.<\/p>\n<p>Las motorizaciones que sabemos por ahora tampoco nos dejan indiferentes, con un <strong>3.0 TFSI de seis cilindros formado por el sistema mild hybrid<\/strong>, es decir, con un compresor el\u00e9ctrico de 20 kw pensado para aparcar o moverse por ciudad, y una potencia de <strong>350 kW (476 CV)<\/strong> que puede acelerar de 0 a 100 km\/h en 4,7 segundos y una incre\u00edble<strong> autonom\u00eda de 1200 km<\/strong>. Por todo esto cada d\u00eda que pasa estamos m\u00e1s expectantes.<\/p>\n","protected":false},"excerpt":{"rendered":"<p>Llevamos meses hablando del futuro Q8, la potencia que tendr\u00e1, prestaciones, mec\u00e1nicas\u2026 y es que cada cosa que pasa con este futuro SUV de Audi se convierte en noticia porque<\/p>\n","protected":false},"author":6,"featured_media":12218,"comment_status":"closed","ping_status":"open","sticky":false,"template":"","format":"standard","meta":{"footnotes":""},"categories":[1],"tags":[],"class_list":["post-12216","post","type-post","status-publish","format-standard","has-post-thumbnail","hentry","category-actualidad"],"_links":{"self":[{"href":"https:\/\/www.sibuscascoche.com\/noticias\/wp-json\/wp\/v2\/posts\/12216","targetHints":{"allow":["GET"]}}],"collection":[{"href":"https:\/\/www.sibuscascoche.com\/noticias\/wp-json\/wp\/v2\/posts"}],"about":[{"href":"https:\/\/www.sibuscascoche.com\/noticias\/wp-json\/wp\/v2\/types\/post"}],"author":[{"embeddable":true,"href":"https:\/\/www.sibuscascoche.com\/noticias\/wp-json\/wp\/v2\/users\/6"}],"replies":[{"embeddable":true,"href":"https:\/\/www.sibuscascoche.com\/noticias\/wp-json\/wp\/v2\/comments?post=12216"}],"version-history":[{"count":3,"href":"https:\/\/www.sibuscascoche.com\/noticias\/wp-json\/wp\/v2\/posts\/12216\/revisions"}],"predecessor-version":[{"id":12221,"href":"https:\/\/www.sibuscascoche.com\/noticias\/wp-json\/wp\/v2\/posts\/12216\/revisions\/12221"}],"wp:featuredmedia":[{"embeddable":true,"href":"https:\/\/www.sibuscascoche.com\/noticias\/wp-json\/wp\/v2\/media\/12218"}],"wp:attachment":[{"href":"https:\/\/www.sibuscascoche.com\/noticias\/wp-json\/wp\/v2\/media?parent=12216"}],"wp:term":[{"taxonomy":"category","embeddable":true,"href":"https:\/\/www.sibuscascoche.com\/noticias\/wp-json\/wp\/v2\/categories?post=12216"},{"taxonomy":"post_tag","embeddable":true,"href":"https:\/\/www.sibuscascoche.com\/noticias\/wp-json\/wp\/v2\/tags?post=12216"}],"curies":[{"name":"wp","href":"https:\/\/api.w.org\/{rel}","templated":true}]}}