{"id":12195,"date":"2017-12-15T11:21:50","date_gmt":"2017-12-15T10:21:50","guid":{"rendered":"https:\/\/www.sibuscascoche.com\/noticias\/?p=12195"},"modified":"2017-12-15T11:21:50","modified_gmt":"2017-12-15T10:21:50","slug":"honda-civic-type-r-ahora-nuevos-accesorios","status":"publish","type":"post","link":"https:\/\/www.sibuscascoche.com\/noticias\/2017\/honda-civic-type-r-ahora-nuevos-accesorios\/","title":{"rendered":"Honda Civic Type R, ahora con nuevos accesorios"},"content":{"rendered":"<p>Es muy posible que si has comprado un Honda Civic Type R sea porque disfrutas no solo de su potencia y dise\u00f1o sino probablemente tambi\u00e9n de la exclusividad que da tener un autom\u00f3vil como ese. Honda lo sabe y por eso ha a\u00f1adido <strong>nuevas opciones de personalizaci\u00f3n<\/strong> para que cualquier usuario de un <strong>Civic Type R<\/strong> pueda hacerlo todav\u00eda m\u00e1s exclusivo y \u00fanico, porque \u00bfA qui\u00e9n no le encanta que su coche refleje su personalidad y gustos y salir a la carretera exactamente con el coche que siempre ha deseado?<\/p>\n<p><img loading=\"lazy\" decoding=\"async\" class=\"alignright size-full wp-image-12198\" alt=\"Honda ocasi\u00f3n\" src=\"https:\/\/www.sibuscascoche.com\/noticias\/wp-content\/uploads\/2017\/09\/Honda-Civic-Type.jpg\" width=\"300\" height=\"200\" \/><\/p>\n<p>En un principio la marca japonesa sacar\u00e1 estos accesorios solo para el pa\u00eds nip\u00f3n, pero se espera que pronto est\u00e9n disponibles en muchos otros pa\u00edses, muchos occidentales y por supuesto, se cuenta con que antes o despu\u00e9s estas opciones puedan estar tambi\u00e9n a la venta en nuestro pa\u00eds. En espera de que esto pase te contamos cu\u00e1les ser\u00e1n las opciones que te puedes encontrar.<\/p>\n<p><strong>En el exterior<\/strong> habr\u00e1 <strong>nuevas piezas para la parrilla delantera<\/strong> y para los <strong>faros<\/strong>, todas en rojo eso s\u00ed. <strong>El aler\u00f3n exterior<\/strong>, que es una de las caracter\u00edsticas que m\u00e1s destaca de este veh\u00edculo, tambi\u00e9n se puede encargar para que sea de<strong> fibra de carbono<\/strong> por un incremento de precio, claro est\u00e1. Adem\u00e1s, las <strong>carcasas de los espejos retrovisores<\/strong> se pueden elegir de color rojo o negro y los <strong>faros antiniebla LED en amarillo<\/strong>.<\/p>\n<p><strong>En el interior<\/strong> tambi\u00e9n tendr\u00e1s donde elegir, como un <strong>pomo para el cambio de marchas en aluminio y cuero rojo<\/strong>, un <strong>juego de alfombrillas<\/strong> del mismo color y otras opciones que (aunque nos tememos que casi todas son en rojo) tambi\u00e9n podr\u00e1s disfrutar a simple vista como las <strong>piezas de carbono que se podr\u00e1n colocar en el salpicadero, la consola central o en los paneles de las puertas<\/strong>. Adem\u00e1s tambi\u00e9n podr\u00e1s a\u00f1adir unas <strong>luces LED<\/strong> (exacto, rojas) para los pies, las bolsas de las puertas o los tiradores interiores. Todo para que tu Honda Civic Type R sea solo tuyo.<\/p>\n","protected":false},"excerpt":{"rendered":"<p>Es muy posible que si has comprado un Honda Civic Type R sea porque disfrutas no solo de su potencia y dise\u00f1o sino probablemente tambi\u00e9n de la exclusividad que da<\/p>\n","protected":false},"author":6,"featured_media":12197,"comment_status":"closed","ping_status":"open","sticky":false,"template":"","format":"standard","meta":{"footnotes":""},"categories":[1],"tags":[],"class_list":["post-12195","post","type-post","status-publish","format-standard","has-post-thumbnail","hentry","category-actualidad"],"_links":{"self":[{"href":"https:\/\/www.sibuscascoche.com\/noticias\/wp-json\/wp\/v2\/posts\/12195","targetHints":{"allow":["GET"]}}],"collection":[{"href":"https:\/\/www.sibuscascoche.com\/noticias\/wp-json\/wp\/v2\/posts"}],"about":[{"href":"https:\/\/www.sibuscascoche.com\/noticias\/wp-json\/wp\/v2\/types\/post"}],"author":[{"embeddable":true,"href":"https:\/\/www.sibuscascoche.com\/noticias\/wp-json\/wp\/v2\/users\/6"}],"replies":[{"embeddable":true,"href":"https:\/\/www.sibuscascoche.com\/noticias\/wp-json\/wp\/v2\/comments?post=12195"}],"version-history":[{"count":3,"href":"https:\/\/www.sibuscascoche.com\/noticias\/wp-json\/wp\/v2\/posts\/12195\/revisions"}],"predecessor-version":[{"id":12200,"href":"https:\/\/www.sibuscascoche.com\/noticias\/wp-json\/wp\/v2\/posts\/12195\/revisions\/12200"}],"wp:featuredmedia":[{"embeddable":true,"href":"https:\/\/www.sibuscascoche.com\/noticias\/wp-json\/wp\/v2\/media\/12197"}],"wp:attachment":[{"href":"https:\/\/www.sibuscascoche.com\/noticias\/wp-json\/wp\/v2\/media?parent=12195"}],"wp:term":[{"taxonomy":"category","embeddable":true,"href":"https:\/\/www.sibuscascoche.com\/noticias\/wp-json\/wp\/v2\/categories?post=12195"},{"taxonomy":"post_tag","embeddable":true,"href":"https:\/\/www.sibuscascoche.com\/noticias\/wp-json\/wp\/v2\/tags?post=12195"}],"curies":[{"name":"wp","href":"https:\/\/api.w.org\/{rel}","templated":true}]}}