{"id":12017,"date":"2017-08-10T09:22:34","date_gmt":"2017-08-10T07:22:34","guid":{"rendered":"https:\/\/www.sibuscascoche.com\/noticias\/?p=12017"},"modified":"2017-10-04T18:21:13","modified_gmt":"2017-10-04T16:21:13","slug":"roberto-blach-junior-campeonato-espana-rallyes-asfalto","status":"publish","type":"post","link":"https:\/\/www.sibuscascoche.com\/noticias\/2017\/roberto-blach-junior-campeonato-espana-rallyes-asfalto\/","title":{"rendered":"Roberto Blach Jr: \u00abMi padre y su amor por las carreras han sido fundamentales para que me gustara este mundo\u00bb"},"content":{"rendered":"<h5 style=\"text-align: center;\">El piloto arteix\u00e1n asegura que est\u00e1 muy orgulloso de todo el trabajo, esfuerzo y sacrificio, que junto con Ariday Bonilla, han hecho posibles<span style=\"color: #000000;\"> liderar<\/span> el Campeonato de Espa\u00f1a de Rallyes de Asfalto R2 y Junior<\/h5>\n<p><strong>Roberto Blach Jr.<\/strong> <strong>prepara ya su pr\u00f3xima prueba: el Rallye Princesa de Asturias<\/strong>. En la temporada pasada la cita asturiana se le resisti\u00f3, pero en esta ocasi\u00f3n espera que sea una \u201ccarrera emocionante y en la que podremos pelear por los puestos de cabeza\u201d afirma el piloto. \u00abSacrificio y trabajo duro\u00bb son algunos de los consejos que le ha dado su padre, el piloto coru\u00f1\u00e9s m\u00e1s emblem\u00e1tico de la d\u00e9cada de los noventa, y que le han ayudado como fuente de motivaci\u00f3n para salir a la pista.<\/p>\n<p style=\"text-align: left;\"><b>PREGUNTA.\u00a0<\/b><strong>En 2017 has conseguido posicionarte como l\u00edder del Campeonato de Espa\u00f1a de Rallyes de Asfalto de la categor\u00eda R2 y del apartado Junior. \u00bfA qu\u00e9 factores asocias este \u00e9xito?\u00a0<\/strong><\/p>\n<p>RESPUESTA. Esta temporada estamos dando el salto que hemos venido trabajando en las dos campa\u00f1as anteriores.<\/p>\n<blockquote>\n<h4><span style=\"color: #0071b9;\">Es nuestro tercer a\u00f1o en el Campeonato y creo que llegamos en un buen momento para poder afrontar nuestros objetivos con garant\u00edas\u00bb<\/span><\/h4>\n<\/blockquote>\n<p><strong>P. \u00bfC\u00f3mo un piloto gallego y un copiloto canario han llegado a formar equipo? \u00bfC\u00f3mo conociste a Ariday Bonilla?<\/strong><\/p>\n<p><img loading=\"lazy\" decoding=\"async\" class=\"size-full wp-image-12026 alignright\" alt=\"roberto-blach-junio\" src=\"https:\/\/www.sibuscascoche.com\/noticias\/wp-content\/uploads\/2017\/08\/roberto-blach-junio.jpg\" width=\"300\" height=\"200\" \/><\/p>\n<p>R. Conoc\u00ed a Ariday por mediaci\u00f3n de mi padre y a gente que \u00e9l conoc\u00eda en las islas, la llegada de Ariday al equipo ha sido fundamental para dar ese salto cualitativo que est\u00e1bamos buscando, es un gran profesional y creo que formamos una gran dupla.<\/p>\n<p><strong>P.\u00a0Tu padre es tu mentor y el pilar fundamental de tu carrera deportiva, \u00bfcu\u00e1l es el mejor consejo que te ha dado y qu\u00e9 te motiva para salir a la pista?<\/strong><\/p>\n<p>R. Que hay que ir paso a paso, que disfrute pero que no me olvide de que para poder correr hay que hacer muchos sacrificios.\u00a0Me ha ense\u00f1ado que para llegar a ser piloto hay que trabajar muy duro cada d\u00eda.<\/p>\n<p><strong>P.<\/strong>\u00a0<strong>\u00bfC\u00f3mo definir\u00edas tu pasi\u00f3n por los rallyes?<\/strong><\/p>\n<p>R. Es algo que me viene de familia, mi padre y su amor por las carreras ha sido fundamental para que desde muy peque\u00f1o me gustara este mundo, en cuanto tuve oportunidad de competir en rallyes no me lo pens\u00e9 dos veces.<\/p>\n<p><iframe loading=\"lazy\" name=\"afiliado-id\" src=\"https:\/\/www.sibuscascoche.com\/slider\/ofertas\/?id-afiliado=sbc\" height=\"265\" width=\"660\" scrolling=\"no\"><\/iframe><\/p>\n<blockquote>\n<h4><span style=\"color: #0071b9;\">El Ford quiz\u00e1s sea mejor para empezar a conocer un coche de la categor\u00eda R2, pero el Peugeot tiene un mejor comportamiento en general, es m\u00e1s r\u00e1pido\u00bb<\/span><\/h4>\n<\/blockquote>\n<p><strong>P.<\/strong>\u00a0<strong>\u00bfCu\u00e1les son las diferencias que percibes al conducir el Ford Fiesta, que te acompa\u00f1\u00f3 en tus inicios, y el actual Peugeot?<\/strong><\/p>\n<p>R.\u00a0A pesar de ser coches de la misma categor\u00eda, son bastante diferentes en sus reacciones.\u00a0El Ford quiz\u00e1s sea mejor para empezar a conocer un coche de la categor\u00eda R2, pero el Peugeot tiene un mejor comportamiento en general, es m\u00e1s r\u00e1pido porque se trata de un veh\u00edculo m\u00e1s evolucionado y tambi\u00e9n te exige m\u00e1s a la hora de lograr buenos cronos.<\/p>\n<p><strong>P.\u00a0\u00bfRallye de asfalto o de tierra? \u00bfC\u00f3mo fueron tus inicios en uno y otro?<\/strong><\/p>\n<p>R. Casi no tengo experiencia en rallyes de tierra, mi \u00fanica carrera ha sido el Rallye Terras da auga y todo sali\u00f3 perfecto, logrando un p\u00f3dium que al principio parec\u00eda muy complicado.\u00a0El asfalto es donde m\u00e1s c\u00f3modo me encuentro, porque es donde tengo m\u00e1s experiencia, pero la tierra es muy divertida. <strong><img loading=\"lazy\" decoding=\"async\" class=\"alignright size-full wp-image-12027\" alt=\"roberto-blach-junio-coche\" src=\"https:\/\/www.sibuscascoche.com\/noticias\/wp-content\/uploads\/2017\/08\/roberto-blach-junio-coche.jpg\" width=\"300\" height=\"200\" \/><\/strong><\/p>\n<p><strong>P.<\/strong>\u00a0<strong>Punt\u00faa del 1 al 3 las mejores citas del Campeonato de Espa\u00f1a de Rallyes y com\u00e9ntanos el motivo de la puntuaci\u00f3n.<\/strong><\/p>\n<p>R. Es muy complicado decidirse por tres citas del Nacional, le pondr\u00eda un 3 a Canarias por el ambiente y por la oportunidad de medirte a pilotos del Campeonato de Europa. Despu\u00e9s no sabr\u00eda elegir entre las dos carreras gallegas del Campeonato y el Rallye Princesa, todos los rallyes tienen sus encantos. Al final acabo afrontando todos con las mismas ganas e ilusi\u00f3n y creo que eso es lo importante.<\/p>\n<p><strong>P.<\/strong>\u00a0<strong>En una reciente entrevista comentabas que el Rallye de Ferrol fue muy complicado. Las condiciones atmosf\u00e9ricas estuvieron en contra, zonas con muy poca visibilidad\u2026 \u00bfC\u00f3mo se consigue reunir la suficiente confianza para salir adelante y lograr una segunda posici\u00f3n?<\/strong><\/p>\n<p>R. Bueno, el Rallye de Ferrol siempre depara muchas sorpresas en cuanto a las condiciones del asfalto, es una carrera en la que es muy sencillo cometer un error, porque hay muchos cruces muy parecidos y sino lo tienes claro en las notas es f\u00e1cil perder tiempo.<\/p>\n<blockquote>\n<h4><span style=\"color: #0071b9;\">El asfalto es donde m\u00e1s c\u00f3modo me encuentro, porque es donde tengo m\u00e1s experiencia, pero la tierra es muy divertida\u00bb<\/span><\/h4>\n<\/blockquote>\n<p><strong>P.<\/strong>\u00a0<strong>\u00bfC\u00f3mo se presenta la pr\u00f3xima prueba en el Rally Princesa de Asturias?<\/strong><\/p>\n<p>R. Espero que sea una carrera emocionante y en la que podamos estar peleando por los puestos de cabeza de nuestra categor\u00eda. Es una cita con un asfalto muy deslizante por lo que tendremos que poner especial atenci\u00f3n en eso.<\/p>\n<p><strong>P.<\/strong>\u00a0<strong>Si pudieses viajar al pasado, concretamente a 2014, a\u00f1o en el que te sacaste el carn\u00e9 de conducir y comenzaste a competir en rallyes \u00bfqu\u00e9 mensaje le enviar\u00edas al antiguo Roberto Blach?<\/strong><\/p>\n<p>R. Que estoy muy orgulloso de todo el trabajo, esfuerzo y sacrificio que han hecho posibles estar ahora liderando nuestro apartado del Campeonato de Espa\u00f1a de Rallyes de Asfalto.<\/p>\n<p style=\"text-align: center;\"><a href=\"https:\/\/www.sibuscascoche.com\/coches-ocasion\/?utm_source=blog-noticias&amp;utm_medium=banner&amp;utm_campaign=entrevistas&amp;utm_content=entrevista-roberto-blach-jr\"><img loading=\"lazy\" decoding=\"async\" class=\"aligncenter  wp-image-9222 photo-gallery-shortcode\" title=\"Comprar coche de ocasi\u00f3n\" alt=\"Comprar coche de ocasi\u00f3n\" src=\"https:\/\/www.sibuscascoche.com\/noticias\/wp-content\/uploads\/2016\/10\/comprar-coche-segunda-mano-ocasion-km0.gif\" width=\"600\" height=\"99\" \/><\/a><\/p>\n","protected":false},"excerpt":{"rendered":"<p>El piloto arteix\u00e1n asegura que est\u00e1 muy orgulloso de todo el trabajo, esfuerzo y sacrificio, que junto con Ariday Bonilla, han hecho posibles liderar el Campeonato de Espa\u00f1a de Rallyes<\/p>\n","protected":false},"author":1,"featured_media":12028,"comment_status":"closed","ping_status":"open","sticky":false,"template":"","format":"standard","meta":{"footnotes":""},"categories":[1,1034],"tags":[],"class_list":["post-12017","post","type-post","status-publish","format-standard","has-post-thumbnail","hentry","category-actualidad","category-entrevistas"],"_links":{"self":[{"href":"https:\/\/www.sibuscascoche.com\/noticias\/wp-json\/wp\/v2\/posts\/12017","targetHints":{"allow":["GET"]}}],"collection":[{"href":"https:\/\/www.sibuscascoche.com\/noticias\/wp-json\/wp\/v2\/posts"}],"about":[{"href":"https:\/\/www.sibuscascoche.com\/noticias\/wp-json\/wp\/v2\/types\/post"}],"author":[{"embeddable":true,"href":"https:\/\/www.sibuscascoche.com\/noticias\/wp-json\/wp\/v2\/users\/1"}],"replies":[{"embeddable":true,"href":"https:\/\/www.sibuscascoche.com\/noticias\/wp-json\/wp\/v2\/comments?post=12017"}],"version-history":[{"count":59,"href":"https:\/\/www.sibuscascoche.com\/noticias\/wp-json\/wp\/v2\/posts\/12017\/revisions"}],"predecessor-version":[{"id":12038,"href":"https:\/\/www.sibuscascoche.com\/noticias\/wp-json\/wp\/v2\/posts\/12017\/revisions\/12038"}],"wp:featuredmedia":[{"embeddable":true,"href":"https:\/\/www.sibuscascoche.com\/noticias\/wp-json\/wp\/v2\/media\/12028"}],"wp:attachment":[{"href":"https:\/\/www.sibuscascoche.com\/noticias\/wp-json\/wp\/v2\/media?parent=12017"}],"wp:term":[{"taxonomy":"category","embeddable":true,"href":"https:\/\/www.sibuscascoche.com\/noticias\/wp-json\/wp\/v2\/categories?post=12017"},{"taxonomy":"post_tag","embeddable":true,"href":"https:\/\/www.sibuscascoche.com\/noticias\/wp-json\/wp\/v2\/tags?post=12017"}],"curies":[{"name":"wp","href":"https:\/\/api.w.org\/{rel}","templated":true}]}}