{"id":11976,"date":"2017-10-13T15:21:26","date_gmt":"2017-10-13T13:21:26","guid":{"rendered":"https:\/\/www.sibuscascoche.com\/noticias\/?p=11976"},"modified":"2017-10-13T15:21:26","modified_gmt":"2017-10-13T13:21:26","slug":"volvo-v90-elegido-mejor-coche-viajar-2017","status":"publish","type":"post","link":"https:\/\/www.sibuscascoche.com\/noticias\/2017\/volvo-v90-elegido-mejor-coche-viajar-2017\/","title":{"rendered":"El Volvo V90 elegido mejor coche para viajar 2017"},"content":{"rendered":"<p><strong>El Volvo V90 ha sido elegido como el mejor coche\u00a0<\/strong><strong>de 2017\u00a0<\/strong><strong>para viajar<\/strong>\u00a0por la p\u00e1gina especializada MotoryViajes.com y por el Comisariado Europeo del Autom\u00f3villa, CEA, adem\u00e1s este modelo tambi\u00e9n recibi\u00f3<strong> el acc\u00e9sit en la modalidad \u201cCoche m\u00e1s seguro para viajar\u201d<\/strong> lo que lo convierte en uno de los ganadores indiscutibles de la noche en la que se entregaron los premios en el Real Aeroclub de Espa\u00f1a con Nieves Herrero como maestra de ceremonias.<\/p>\n<p><img loading=\"lazy\" decoding=\"async\" class=\"alignright size-full wp-image-11979\" alt=\"Volvo ocasi\u00f3n\" src=\"https:\/\/www.sibuscascoche.com\/noticias\/wp-content\/uploads\/2017\/08\/Volvo-V90.jpg\" width=\"300\" height=\"200\" \/><\/p>\n<p>Hab\u00eda un total de 32 autom\u00f3viles elegidos de los que solo 4 pasaron a la final, todos grandes veh\u00edculos de primer\u00edsimo nivel y todos se podr\u00edan haber llevado el premio dada su calidad (eran el Alfa Romeo Giulia, el Audi Q5, el Peugeot 3008, y el Seat Ateca) pero solo uno de ellos pod\u00eda resultar elegido y lo fue el V90, que se erigi\u00f3 como vencedor. <strong>Las razones<\/strong> para otorgarle el premio son muchas, entre ellas <strong>las pruebas de conducci\u00f3n<\/strong> celebradas en Arcipreste de Hita (Navacerrada) en las que <strong>se puntu\u00f3 la<\/strong> <strong>comodidad de los pasajeros, el precio, la calidad de la conducci\u00f3n y el espacio, pero especialmente se tom\u00f3 en cuenta la seguridad activa y pasiva.<\/strong><\/p>\n<p>El premio fue recogido por el jefe de Prensa de Volvo Car Espa\u00f1a, Jorge Mu\u00f1oz L\u00f3pez de Carrizosa que tuvo un especial recuerdo para <strong>\u201clos internautas que votaron durante tres meses el coche en la web<\/strong>, por haber situado al V90 entre los cinco finalistas\u201d, aunque tambi\u00e9n se lo agradeci\u00f3<strong> al jurado que fue el que tuvo la \u00faltima palabra<\/strong> para concederle el premio. Tambi\u00e9n fue Mu\u00f1oz el que recogi\u00f3 el acc\u00e9sit, de nuevo con palabras de cari\u00f1o para los votantes. Sin duda este tipo de premios son un gran aliciente para todos los que trabajan en Volvo, porque les ayuda a ver como el magn\u00edfico producto que realizan es muy valorado, algo que siempre enorgullece.<\/p>\n","protected":false},"excerpt":{"rendered":"<p>El Volvo V90 ha sido elegido como el mejor coche\u00a0de 2017\u00a0para viajar\u00a0por la p\u00e1gina especializada MotoryViajes.com y por el Comisariado Europeo del Autom\u00f3villa, CEA, adem\u00e1s este modelo tambi\u00e9n recibi\u00f3 el<\/p>\n","protected":false},"author":6,"featured_media":11978,"comment_status":"closed","ping_status":"open","sticky":false,"template":"","format":"standard","meta":{"footnotes":""},"categories":[1],"tags":[],"class_list":["post-11976","post","type-post","status-publish","format-standard","has-post-thumbnail","hentry","category-actualidad"],"_links":{"self":[{"href":"https:\/\/www.sibuscascoche.com\/noticias\/wp-json\/wp\/v2\/posts\/11976","targetHints":{"allow":["GET"]}}],"collection":[{"href":"https:\/\/www.sibuscascoche.com\/noticias\/wp-json\/wp\/v2\/posts"}],"about":[{"href":"https:\/\/www.sibuscascoche.com\/noticias\/wp-json\/wp\/v2\/types\/post"}],"author":[{"embeddable":true,"href":"https:\/\/www.sibuscascoche.com\/noticias\/wp-json\/wp\/v2\/users\/6"}],"replies":[{"embeddable":true,"href":"https:\/\/www.sibuscascoche.com\/noticias\/wp-json\/wp\/v2\/comments?post=11976"}],"version-history":[{"count":5,"href":"https:\/\/www.sibuscascoche.com\/noticias\/wp-json\/wp\/v2\/posts\/11976\/revisions"}],"predecessor-version":[{"id":12427,"href":"https:\/\/www.sibuscascoche.com\/noticias\/wp-json\/wp\/v2\/posts\/11976\/revisions\/12427"}],"wp:featuredmedia":[{"embeddable":true,"href":"https:\/\/www.sibuscascoche.com\/noticias\/wp-json\/wp\/v2\/media\/11978"}],"wp:attachment":[{"href":"https:\/\/www.sibuscascoche.com\/noticias\/wp-json\/wp\/v2\/media?parent=11976"}],"wp:term":[{"taxonomy":"category","embeddable":true,"href":"https:\/\/www.sibuscascoche.com\/noticias\/wp-json\/wp\/v2\/categories?post=11976"},{"taxonomy":"post_tag","embeddable":true,"href":"https:\/\/www.sibuscascoche.com\/noticias\/wp-json\/wp\/v2\/tags?post=11976"}],"curies":[{"name":"wp","href":"https:\/\/api.w.org\/{rel}","templated":true}]}}