{"id":11922,"date":"2017-09-22T16:15:35","date_gmt":"2017-09-22T14:15:35","guid":{"rendered":"https:\/\/www.sibuscascoche.com\/noticias\/?p=11922"},"modified":"2017-09-22T16:15:35","modified_gmt":"2017-09-22T14:15:35","slug":"skoda-karoq-suv-mas-espacioso","status":"publish","type":"post","link":"https:\/\/www.sibuscascoche.com\/noticias\/2017\/skoda-karoq-suv-mas-espacioso\/","title":{"rendered":"\u0160koda Karoq el SUV m\u00e1s espacioso"},"content":{"rendered":"<p>\u00bfBuscando un <b><span style=\"color: #0071b9;\"><a title=\"Comprar SUV | Sibuscascoche.com\" href=\"https:\/\/www.sibuscascoche.com\/carroceria\/todoterreno\"><span style=\"color: #0071b9;\">SUV<\/span><\/a> <\/span>compacto<\/b> pero <b>muy espacioso<\/b>? Si estabas buscando un coche as\u00ed \u0160koda te trae el veh\u00edculo de tus sue\u00f1os, <b>el Karoq<\/b>. Te ense\u00f1amos c\u00f3mo ser\u00e1 la \u00faltima apuesta de la marca checa con la que intentar\u00e1 triunfar en el competitivo sector de los SUV.<\/p>\n<p>El exterior del Karoq est\u00e1 dominado por unas <b>l\u00edneas suaves<\/b> y un <b>aspecto robusto<\/b> que le proporcionan una <b>imagen propia<\/b> y lo diferencian de la competencia gracias a detalles \u00fanicos como el dise\u00f1o de sus faros, que incorporan <b>la tecnolog\u00eda LED <\/b>de \u00faltima generaci\u00f3n.<\/p>\n<p><img loading=\"lazy\" decoding=\"async\" class=\"alignright size-full wp-image-11926\" alt=\"skoda karoq, comprar coche ocasi\u00f3n\" src=\"https:\/\/www.sibuscascoche.com\/noticias\/wp-content\/uploads\/2017\/07\/comprar-coche-de-ocasion-skoda-karoq.jpg\" width=\"300\" height=\"200\" \/>En cuanto entramos en el \u0160koda nos encontramos con un <b>enorme espacio<\/b> que nos permitir\u00e1 <b>viajar c\u00f3modamente<\/b> a cualquier lugar. Si lo tuyo es llevar el maletero lleno y nunca te llega el espacio, seguro que el nuevo Karoq est\u00e1 pensado para ti. Su <b>maletero<\/b> tiene una capacidad de <b>521 litros<\/b> que aumenta hasta los <b>1.630 litros<\/b> si <b>abatimos los asientos traseros<\/b> e incluso hasta los <b>1.810 litros<\/b> si <b>quitamos los asientos<\/b>, \u00bfimpresionado?<\/p>\n<p>El nuevo Karoq no destaca solo por su espacio y comodidad. La \u00faltima incorporaci\u00f3n a la familia de \u0160koda cuenta con la <b>\u00faltima tecnolog\u00eda <\/b>en <b>sistemas de conectividad <\/b>e <b>infoentrenimiento<\/b> a los que podemos acceder desde su gran pantalla e incluso manejarlos con <b>el control gestual<\/b>. Adem\u00e1s, estamos ante el primer \u0160koda equipado con el <b>panel de instrumentos digital<\/b>, \u00bfno te dan ganas de probarlo?<\/p>\n<p>Desde \u0160koda ya nos han confirmado que podremos escoger entre <b>cinco motores<\/b> que van desde los <b>115<\/b> a los <b>190 CV<\/b> y pueden montar, a excepci\u00f3n del motor di\u00e9sel m\u00e1s potente, una <b>caja de cambios manual de seis velocidades<\/b> o la <b>DGS de siete<\/b>. A la potencia de estos propulsores se le unen los <b>sistemas de asistencia a la conducci\u00f3n<\/b> m\u00e1s modernos como el <b>Front Assist<\/b> con freno de emergencia en ciudad o el sistema de <b>reconocimiento de las se\u00f1ales de tr\u00e1fico<\/b>. Seguro que con todas estas innovaciones nuestros viajes ser\u00e1n mucho m\u00e1s tranquilos.<\/p>\n<p>\u00bfQu\u00e9 te parece el \u00faltimo lanzamiento de \u0160koda? En muy pocos meses ya podremos ver el Karoq en acci\u00f3n por nuestras carreteras.<\/p>\n","protected":false},"excerpt":{"rendered":"<p>\u00bfBuscando un SUV compacto pero muy espacioso? Si estabas buscando un coche as\u00ed \u0160koda te trae el veh\u00edculo de tus sue\u00f1os, el Karoq. Te ense\u00f1amos c\u00f3mo ser\u00e1 la \u00faltima apuesta<\/p>\n","protected":false},"author":6,"featured_media":11929,"comment_status":"closed","ping_status":"open","sticky":false,"template":"","format":"standard","meta":{"footnotes":""},"categories":[1],"tags":[264,129],"class_list":["post-11922","post","type-post","status-publish","format-standard","has-post-thumbnail","hentry","category-actualidad","tag-skoda","tag-suv"],"_links":{"self":[{"href":"https:\/\/www.sibuscascoche.com\/noticias\/wp-json\/wp\/v2\/posts\/11922","targetHints":{"allow":["GET"]}}],"collection":[{"href":"https:\/\/www.sibuscascoche.com\/noticias\/wp-json\/wp\/v2\/posts"}],"about":[{"href":"https:\/\/www.sibuscascoche.com\/noticias\/wp-json\/wp\/v2\/types\/post"}],"author":[{"embeddable":true,"href":"https:\/\/www.sibuscascoche.com\/noticias\/wp-json\/wp\/v2\/users\/6"}],"replies":[{"embeddable":true,"href":"https:\/\/www.sibuscascoche.com\/noticias\/wp-json\/wp\/v2\/comments?post=11922"}],"version-history":[{"count":5,"href":"https:\/\/www.sibuscascoche.com\/noticias\/wp-json\/wp\/v2\/posts\/11922\/revisions"}],"predecessor-version":[{"id":12252,"href":"https:\/\/www.sibuscascoche.com\/noticias\/wp-json\/wp\/v2\/posts\/11922\/revisions\/12252"}],"wp:featuredmedia":[{"embeddable":true,"href":"https:\/\/www.sibuscascoche.com\/noticias\/wp-json\/wp\/v2\/media\/11929"}],"wp:attachment":[{"href":"https:\/\/www.sibuscascoche.com\/noticias\/wp-json\/wp\/v2\/media?parent=11922"}],"wp:term":[{"taxonomy":"category","embeddable":true,"href":"https:\/\/www.sibuscascoche.com\/noticias\/wp-json\/wp\/v2\/categories?post=11922"},{"taxonomy":"post_tag","embeddable":true,"href":"https:\/\/www.sibuscascoche.com\/noticias\/wp-json\/wp\/v2\/tags?post=11922"}],"curies":[{"name":"wp","href":"https:\/\/api.w.org\/{rel}","templated":true}]}}