{"id":11813,"date":"2017-09-22T16:27:05","date_gmt":"2017-09-22T14:27:05","guid":{"rendered":"https:\/\/www.sibuscascoche.com\/noticias\/?p=11813"},"modified":"2017-09-22T16:27:05","modified_gmt":"2017-09-22T14:27:05","slug":"como-viajar-bici-en-coche-comprar-coche","status":"publish","type":"post","link":"https:\/\/www.sibuscascoche.com\/noticias\/2017\/como-viajar-bici-en-coche-comprar-coche\/","title":{"rendered":"\u00bfC\u00f3mo viajar con la bici en el coche?"},"content":{"rendered":"<p>Es tiempo de verano, de calor y vacaciones y algunos aprovechan estos d\u00edas libres para dar rienda suelta a su pasi\u00f3n por las bicis, si es tu caso y no puedes viajar sin tu bicicleta est\u00e1s en el lugar correcto. Vamos a hacer un repaso por las <b>formas legales y seguras que hay para transportar una bici en el coche.<\/b><\/p>\n<p><b>Maletero<\/b><\/p>\n<p><img loading=\"lazy\" decoding=\"async\" class=\"alignright size-full wp-image-11816\" alt=\"Bicicleta en el coche, comprar coche\" src=\"https:\/\/www.sibuscascoche.com\/noticias\/wp-content\/uploads\/2017\/07\/bicicleta-coche-comprar-coche-barato.jpg\" width=\"300\" height=\"200\" \/>Llevar la bicicleta en el maletero suele ser lo primero que se nos ocurre, sobre todo si somos amateur en este mundo. <b>No supone coste alguno<\/b> y es bastante <b>c\u00f3modo<\/b>, sin embargo, esta idea tiene dos problemas importantes: la seguridad y las multas. Si la bicicleta no te cabe entera en el maletero (cosa bastante habitual) tienes dos opciones de transporte seguro y legal: <b>desmontar las ruedas o abatir los asientos<\/b> <b>y colocar la bicicleta atada<\/b>. Piensa que una multa puede arruinarte la escapada, pero una bicicleta de unos 10 quilos se convierte en un arma mortal en caso de salir despedida en un frenazo, aseg\u00farate de que no se mueve ni reduce tu visibilidad.<\/p>\n<p><b>En el techo<\/b><\/p>\n<p><b>El portabicicletas de techo m\u00e1s habitual es el de ra\u00edles<\/b>, permite llevar una o varias bicicletas enteras y de pie, enganchadas por el cuadro y por la rueda trasera y, adem\u00e1s, es c\u00f3modo porque podemos dejarlo montado cuando no lo usemos. Los principales <b>inconvenientes<\/b> son la <b>p\u00e9rdida aerodin\u00e1mica<\/b> y que el brazo puede <b>rascar un poco el cuadro<\/b>.<\/p>\n<p>Existe otra opci\u00f3n que consiste en unas <b>barras en las que se coloca la bici sin rueda delantera<\/b>, es menos c\u00f3modo porque tenemos que desmontarla, pero no deja marcas ni rascazos. Hace unos a\u00f1os era com\u00fan llevar las bicicletas completas en el portabicicletas de techo con las ruedas hacia arriba, sin embargo, es poco aerodin\u00e1mico y puede averiar la bici, as\u00ed que ya pr\u00e1cticamente no se usa.<\/p>\n<p><b>En la parte trasera<\/b><\/p>\n<p>Si preferimos colocar las bicis en la parte trasera <b>la opci\u00f3n m\u00e1s econ\u00f3mica es sin duda la de un soporte anclado a la puerta del maletero<\/b>. Es bastante c\u00f3modo porque la bicicleta va entera, pero si llevamos varias pueden ir <b>chocando entre s\u00ed o incluso marcarnos el coche<\/b>. Tambi\u00e9n debemos tener en cuenta la dificultad a\u00f1adida en el aparcamiento y que no podemos abrir el maletero sin quitar las bicicletas.<\/p>\n<p>Existen otras opciones m\u00e1s modernas, pero tambi\u00e9n m\u00e1s caras, son los <b>portabicicletas para el gancho de remolque, los integrados en el propio coche <\/b>(es un extra m\u00e1s y solo lo fabrica Opel) o los <b>remolques espec\u00edficos para bicis<\/b>.<\/p>\n","protected":false},"excerpt":{"rendered":"<p>Es tiempo de verano, de calor y vacaciones y algunos aprovechan estos d\u00edas libres para dar rienda suelta a su pasi\u00f3n por las bicis, si es tu caso y no<\/p>\n","protected":false},"author":6,"featured_media":11815,"comment_status":"closed","ping_status":"open","sticky":false,"template":"","format":"standard","meta":{"footnotes":""},"categories":[1,6],"tags":[1204,708],"class_list":["post-11813","post","type-post","status-publish","format-standard","has-post-thumbnail","hentry","category-actualidad","category-mantenimiento-consejos","tag-portabicicletas","tag-transportar-bicicleta"],"_links":{"self":[{"href":"https:\/\/www.sibuscascoche.com\/noticias\/wp-json\/wp\/v2\/posts\/11813","targetHints":{"allow":["GET"]}}],"collection":[{"href":"https:\/\/www.sibuscascoche.com\/noticias\/wp-json\/wp\/v2\/posts"}],"about":[{"href":"https:\/\/www.sibuscascoche.com\/noticias\/wp-json\/wp\/v2\/types\/post"}],"author":[{"embeddable":true,"href":"https:\/\/www.sibuscascoche.com\/noticias\/wp-json\/wp\/v2\/users\/6"}],"replies":[{"embeddable":true,"href":"https:\/\/www.sibuscascoche.com\/noticias\/wp-json\/wp\/v2\/comments?post=11813"}],"version-history":[{"count":2,"href":"https:\/\/www.sibuscascoche.com\/noticias\/wp-json\/wp\/v2\/posts\/11813\/revisions"}],"predecessor-version":[{"id":11821,"href":"https:\/\/www.sibuscascoche.com\/noticias\/wp-json\/wp\/v2\/posts\/11813\/revisions\/11821"}],"wp:featuredmedia":[{"embeddable":true,"href":"https:\/\/www.sibuscascoche.com\/noticias\/wp-json\/wp\/v2\/media\/11815"}],"wp:attachment":[{"href":"https:\/\/www.sibuscascoche.com\/noticias\/wp-json\/wp\/v2\/media?parent=11813"}],"wp:term":[{"taxonomy":"category","embeddable":true,"href":"https:\/\/www.sibuscascoche.com\/noticias\/wp-json\/wp\/v2\/categories?post=11813"},{"taxonomy":"post_tag","embeddable":true,"href":"https:\/\/www.sibuscascoche.com\/noticias\/wp-json\/wp\/v2\/tags?post=11813"}],"curies":[{"name":"wp","href":"https:\/\/api.w.org\/{rel}","templated":true}]}}