{"id":11793,"date":"2017-09-22T16:17:44","date_gmt":"2017-09-22T14:17:44","guid":{"rendered":"https:\/\/www.sibuscascoche.com\/noticias\/?p=11793"},"modified":"2017-09-22T16:17:44","modified_gmt":"2017-09-22T14:17:44","slug":"comprar-seat-arona-esta-punto-llegar","status":"publish","type":"post","link":"https:\/\/www.sibuscascoche.com\/noticias\/2017\/comprar-seat-arona-esta-punto-llegar\/","title":{"rendered":"El Seat Arona est\u00e1 a punto de llegar"},"content":{"rendered":"<p>Despu\u00e9s de mucho esperar, por fin tenemos todos los detalles del <b>nuevo<span style=\"color: #0071b9;\"> <a title=\"Comprar Seat | Sibuscascoche.com\" href=\"https:\/\/www.sibuscascoche.com\/coches-ocasion\/seat\"><span style=\"color: #0071b9;\">Seat<\/span><\/a><\/span> Arona<\/b>. La marca espa\u00f1ola luchar\u00e1 por hacerse un hueco en el segmento de los <b>SUV compactos <\/b>con un nuevo modelo en el que el <b>equipamiento<\/b> y las <b>posibilidades de personalizaci\u00f3n <\/b>parecen <b>infinitas<\/b>. Hoy te contamos todo lo que sabemos del nuevo Seat, \u00bfpreparado?<\/p>\n<p><img loading=\"lazy\" decoding=\"async\" class=\"alignright size-full wp-image-11796\" alt=\"Seat Arona, comprar coche, comprar seat\" src=\"https:\/\/www.sibuscascoche.com\/noticias\/wp-content\/uploads\/2017\/07\/comprar-coche-seat-arona.jpg\" width=\"300\" height=\"200\" \/>El Seat Arona llega con una <b>imagen totalmente nueva <\/b>dentro de la gama de veh\u00edculos de la marca espa\u00f1ola. El nuevo SUV estar\u00e1 disponible con hasta <b>68 combinaciones posibles<\/b>. S\u00ed, has le\u00eddo bien. Adem\u00e1s de poder elegir un mont\u00f3n de caracter\u00edsticas del coche, como las <b>llantas de 16 a 18 pulgadas<\/b> o el <b>color del techo<\/b>, el Arona estar\u00e1 disponible con <b>cuatro acabados<\/b>: Reference, Style, Xcellence y FR.<\/p>\n<p>En el apartado mec\u00e1nico desde Seat ya han anunciado los motores <b>gasolina 1.0 TSI <\/b>de <b>95<\/b> y <b>115 CV<\/b> y el propulsor de gama alta <b>1.5 TSI Evo<\/b> de cuatro cilindros y <b>150 CV<\/b>. Por su parte, los motores <b>di\u00e9sel<\/b> ser\u00e1n <b>1.6 TDI<\/b> con potencias de <b>95<\/b> y <b>115 CV<\/b>. Adem\u00e1s, estos propulsores estar\u00e1n acompa\u00f1ados por una caja manual de <b>cinco velocidades<\/b> para las potencias m\u00e1s bajas y una transmisi\u00f3n de <b>seis relaciones manual<\/b> o el <b>moderno DSG de siete velocidades<\/b> para las versiones m\u00e1s potentes. Pero esto no es todo, el pr\u00f3ximo a\u00f1o tambi\u00e9n podremos disfrutar de una versi\u00f3n de <b>gas natural<\/b> con una potencia de <b>90 CV<\/b>.<\/p>\n<p>Desde Seat creen que la <b>tecnolog\u00eda<\/b> y la <b>seguridad<\/b> deben ir de la mano, por eso el Arona equipa los \u00faltimos <b>sistemas de ayuda a la conducci\u00f3n<\/b> como el <b>asistente de \u00e1ngulo muerto<\/b> o la <b>frenada autom\u00e1tica de emergencia<\/b>. La <b>conectividad<\/b> es otro de los puntos fuertes del nuevo SUV gracias al sistema <b>Full Link<\/b> de Seat y a una maravillosa <b>pantalla t\u00e1ctil de ocho pulgadas<\/b>. Con este equipamiento nuestros viajes ser\u00e1n mucho m\u00e1s c\u00f3modos y seguros.<\/p>\n<p>El Arona empezar\u00e1 a conquistar nuestras carreteras a partir de noviembre de este mismo a\u00f1o, \u00bfpodr\u00e1s esperar para conocerlo?<\/p>\n","protected":false},"excerpt":{"rendered":"<p>Despu\u00e9s de mucho esperar, por fin tenemos todos los detalles del nuevo Seat Arona. La marca espa\u00f1ola luchar\u00e1 por hacerse un hueco en el segmento de los SUV compactos con<\/p>\n","protected":false},"author":6,"featured_media":11795,"comment_status":"closed","ping_status":"open","sticky":false,"template":"","format":"standard","meta":{"footnotes":""},"categories":[1,8],"tags":[117,129],"class_list":["post-11793","post","type-post","status-publish","format-standard","has-post-thumbnail","hentry","category-actualidad","category-lanzamientos","tag-seat","tag-suv"],"_links":{"self":[{"href":"https:\/\/www.sibuscascoche.com\/noticias\/wp-json\/wp\/v2\/posts\/11793","targetHints":{"allow":["GET"]}}],"collection":[{"href":"https:\/\/www.sibuscascoche.com\/noticias\/wp-json\/wp\/v2\/posts"}],"about":[{"href":"https:\/\/www.sibuscascoche.com\/noticias\/wp-json\/wp\/v2\/types\/post"}],"author":[{"embeddable":true,"href":"https:\/\/www.sibuscascoche.com\/noticias\/wp-json\/wp\/v2\/users\/6"}],"replies":[{"embeddable":true,"href":"https:\/\/www.sibuscascoche.com\/noticias\/wp-json\/wp\/v2\/comments?post=11793"}],"version-history":[{"count":5,"href":"https:\/\/www.sibuscascoche.com\/noticias\/wp-json\/wp\/v2\/posts\/11793\/revisions"}],"predecessor-version":[{"id":12254,"href":"https:\/\/www.sibuscascoche.com\/noticias\/wp-json\/wp\/v2\/posts\/11793\/revisions\/12254"}],"wp:featuredmedia":[{"embeddable":true,"href":"https:\/\/www.sibuscascoche.com\/noticias\/wp-json\/wp\/v2\/media\/11795"}],"wp:attachment":[{"href":"https:\/\/www.sibuscascoche.com\/noticias\/wp-json\/wp\/v2\/media?parent=11793"}],"wp:term":[{"taxonomy":"category","embeddable":true,"href":"https:\/\/www.sibuscascoche.com\/noticias\/wp-json\/wp\/v2\/categories?post=11793"},{"taxonomy":"post_tag","embeddable":true,"href":"https:\/\/www.sibuscascoche.com\/noticias\/wp-json\/wp\/v2\/tags?post=11793"}],"curies":[{"name":"wp","href":"https:\/\/api.w.org\/{rel}","templated":true}]}}