{"id":11763,"date":"2017-07-20T11:36:54","date_gmt":"2017-07-20T09:36:54","guid":{"rendered":"https:\/\/www.sibuscascoche.com\/noticias\/?p=11763"},"modified":"2017-07-20T11:36:54","modified_gmt":"2017-07-20T09:36:54","slug":"sinfin-coches-seat-nos-esperan-coches-de-ocasion-baratos","status":"publish","type":"post","link":"https:\/\/www.sibuscascoche.com\/noticias\/2017\/sinfin-coches-seat-nos-esperan-coches-de-ocasion-baratos\/","title":{"rendered":"Un sinf\u00edn de coches de Seat nos esperan"},"content":{"rendered":"<p>Si est\u00e1s pensando en <a title=\"Comprar coche ocasi\u00f3n | Sibuscascoche.com\" href=\"https:\/\/www.sibuscascoche.com\/carroceria\/monovolumen\"><b>comprar coche<\/b><\/a> en los pr\u00f3ximos a\u00f1os seguro que esto te interesar\u00e1. Desde <span style=\"color: #0071b9;\"><span style=\"color: #0071b9;\"><a title=\"Comprar Seat | Sibuscascoche.com\" href=\"https:\/\/www.sibuscascoche.com\/coches-ocasion\/seat\">Seat<\/a> <\/span><\/span>han confirmado que de aqu\u00ed al 2020 lanzar\u00e1n al mercado <b>hasta seis nuevos coches<\/b> con los que pretenden <b>dominar cada rinc\u00f3n<\/b> del mercado. \u00bfTe contamos que novedades nos vamos a encontrar?<\/p>\n<p><img loading=\"lazy\" decoding=\"async\" class=\"alignright size-full wp-image-11766\" alt=\"seat, comprar coche\" src=\"https:\/\/www.sibuscascoche.com\/noticias\/wp-content\/uploads\/2017\/07\/coche-seat-ocasion-modelos-seat.jpg\" width=\"300\" height=\"200\" \/>Uno de los modelos m\u00e1s esperados de la marca espa\u00f1ola es el <b>Seat Arona<\/b>. El nuevo coche de Seat buscar\u00e1 ganarse un hueco dentro del competitivo mundo de los SUV apostando por un <b>precio m\u00e1s bajo<\/b> que el Seat Ateca y un <b>equipamiento igual de espectacular<\/b>. Para el <b>Ateca<\/b> tambi\u00e9n llegar\u00e1n importantes novedades, con una <b>versi\u00f3n Cupra<\/b> con la que Seat pretende entrar por la puerta grande en el segmento de los <b>SUV deportivos<\/b>.<\/p>\n<p>Dentro del mundo de los SUV, la marca espa\u00f1ola pondr\u00e1 a la venta un <b>veh\u00edculo de siete plazas<\/b> para el cual a\u00fan no tienen nombre. En Seat han decidido que seamos nosotros los que <b>bauticemos su nuevo coche<\/b> y de momento parece que la decisi\u00f3n no ser\u00e1 sencilla, ya que en Seat han recibido <b>m\u00e1s de 130.000 posibles nombres<\/b>, y t\u00fa, \u00bfc\u00f3mo llamar\u00edas a esta nueva versi\u00f3n?<\/p>\n<p>\u00bfPiensas que a Seat le falta un <b>modelo el\u00e9ctrico<\/b>? Pues las horas est\u00e1n contadas para la aparici\u00f3n del <b>primer coche el\u00e9ctrico<\/b> de la marca espa\u00f1ola. Desde la compa\u00f1\u00eda reconocen que llegar\u00e1 a las carreteras <b>a partir del 2020<\/b> y aunque de momento no nos desvelan demasiados detalles, sabemos que tendr\u00e1 un <b>precio asequible<\/b> y una <b>autonom\u00eda <\/b>que lo haga <b>muy pr\u00e1ctico<\/b> para nuestras escapadas y el uso diario.<\/p>\n<p>En la marca tambi\u00e9n optar\u00e1n por <b>renovar sus modelos m\u00e1s caracter\u00edsticos<\/b>. Aunque por el momento no han desvelado todas las versiones que tendr\u00e1n una nueva imagen, s\u00ed que han anunciado un <b>nuevo Seat Le\u00f3n<\/b> que supondr\u00e1 un <b>gran cambio en la est\u00e9tica<\/b> de la marca \u00bfintrigado?<\/p>\n<p>\u00bfQu\u00e9 opinas de lo que nos deparar\u00e1n los pr\u00f3ximos a\u00f1os? Seguro que alguno de estos modelos estar\u00e1 hecho para ti.<\/p>\n","protected":false},"excerpt":{"rendered":"<p>Si est\u00e1s pensando en comprar coche en los pr\u00f3ximos a\u00f1os seguro que esto te interesar\u00e1. Desde Seat han confirmado que de aqu\u00ed al 2020 lanzar\u00e1n al mercado hasta seis nuevos<\/p>\n","protected":false},"author":6,"featured_media":11767,"comment_status":"closed","ping_status":"open","sticky":false,"template":"","format":"standard","meta":{"footnotes":""},"categories":[1,8],"tags":[117,129],"class_list":["post-11763","post","type-post","status-publish","format-standard","has-post-thumbnail","hentry","category-actualidad","category-lanzamientos","tag-seat","tag-suv"],"_links":{"self":[{"href":"https:\/\/www.sibuscascoche.com\/noticias\/wp-json\/wp\/v2\/posts\/11763","targetHints":{"allow":["GET"]}}],"collection":[{"href":"https:\/\/www.sibuscascoche.com\/noticias\/wp-json\/wp\/v2\/posts"}],"about":[{"href":"https:\/\/www.sibuscascoche.com\/noticias\/wp-json\/wp\/v2\/types\/post"}],"author":[{"embeddable":true,"href":"https:\/\/www.sibuscascoche.com\/noticias\/wp-json\/wp\/v2\/users\/6"}],"replies":[{"embeddable":true,"href":"https:\/\/www.sibuscascoche.com\/noticias\/wp-json\/wp\/v2\/comments?post=11763"}],"version-history":[{"count":5,"href":"https:\/\/www.sibuscascoche.com\/noticias\/wp-json\/wp\/v2\/posts\/11763\/revisions"}],"predecessor-version":[{"id":11846,"href":"https:\/\/www.sibuscascoche.com\/noticias\/wp-json\/wp\/v2\/posts\/11763\/revisions\/11846"}],"wp:featuredmedia":[{"embeddable":true,"href":"https:\/\/www.sibuscascoche.com\/noticias\/wp-json\/wp\/v2\/media\/11767"}],"wp:attachment":[{"href":"https:\/\/www.sibuscascoche.com\/noticias\/wp-json\/wp\/v2\/media?parent=11763"}],"wp:term":[{"taxonomy":"category","embeddable":true,"href":"https:\/\/www.sibuscascoche.com\/noticias\/wp-json\/wp\/v2\/categories?post=11763"},{"taxonomy":"post_tag","embeddable":true,"href":"https:\/\/www.sibuscascoche.com\/noticias\/wp-json\/wp\/v2\/tags?post=11763"}],"curies":[{"name":"wp","href":"https:\/\/api.w.org\/{rel}","templated":true}]}}