{"id":11732,"date":"2017-09-05T17:09:15","date_gmt":"2017-09-05T15:09:15","guid":{"rendered":"https:\/\/www.sibuscascoche.com\/noticias\/?p=11732"},"modified":"2017-09-05T17:09:24","modified_gmt":"2017-09-05T15:09:24","slug":"seat-600-garbancito-cumple-60-comprar-coche","status":"publish","type":"post","link":"https:\/\/www.sibuscascoche.com\/noticias\/2017\/seat-600-garbancito-cumple-60-comprar-coche\/","title":{"rendered":"Seat 600, el garbancito cumple 60"},"content":{"rendered":"<p>El cl\u00e1sico que cambi\u00f3 la historia de los autom\u00f3viles, el <strong><span style=\"color: #0071b9;\"><a title=\"Comprar Seat | Sibuscascoche.com\" href=\"https:\/\/www.sibuscascoche.com\/coches-ocasion\/seat\"><span style=\"color: #0071b9;\">Seat<\/span><\/a><\/span> 600<\/strong>,<strong> cumple en 2017 los 60 a\u00f1os<\/strong> y llena de paso nuestra mente de recuerdos. Este coche es un mito y destaca por haber sido el <strong>primer veh\u00edculo\u00a0<\/strong>de la \u00e9poca\u00a0<strong>asequible<\/strong>\u00a0para muchos, abri\u00f3 las puertas a muchas familias a cambiar de vida y a descubrir la carretera al m\u00f3dico <strong>precio de 65.000 pesetas<\/strong>. Hoy aprovechamos para recordarlo a modo de homenaje.<\/p>\n<p><img loading=\"lazy\" decoding=\"async\" class=\"alignright size-full wp-image-11737\" alt=\"Seat 600, comprar coche barato\" src=\"https:\/\/www.sibuscascoche.com\/noticias\/wp-content\/uploads\/2017\/07\/seat-600-comprar-coche.jpg\" width=\"300\" height=\"200\" \/>Era un <strong>27 de junio de 1957<\/strong> cuando el primer 600 asomaba sus ruedas al mundo, fue <strong>fabricado por la espa\u00f1ola Seat sobre la base del Fiat 600<\/strong> y en acuerdo con esta marca italiana. La \u00faltima unidad de este Seat sal\u00eda de la f\u00e1brica en 1973 bajo la pancarta \u201cnaciste pr\u00edncipe, mueres rey\u201d que le dedicaron los trabajadores de la misma; para entonces, este modelo ya era la leyenda que hab\u00eda cambiado la vida a toda una generaci\u00f3n. Todav\u00eda hoy quedan algunos Seat 600 en nuestras calles, aunque nada comparado con los casi 800.000 que llegaron a venderse.<\/p>\n<p>Con su potencia de entre 18 y 24,5 CV a 4.600 rpm lograba llegar a los<strong> 95 km\/h<\/strong>, ten\u00eda problemas de refrigeraci\u00f3n, por lo que la mayor\u00eda de veces tocaba viajar con botella de agua, su autonom\u00eda era de apenas 400 km. En el interior ten\u00eda <strong>dos asientos delanteros y un banquito<\/strong> en la parte de atr\u00e1s.<\/p>\n<p>Su \u00e9xito fue palpable desde el primer momento, pronto llegaron <strong>nuevas versiones<\/strong>: m\u00e1s grandes, descapotables, m\u00e1s potentes; los plazos de entrega se alargaban por \u00e9pocas hasta los dos a\u00f1os. En 1971 <strong>uno de cada cuatro coches era un Seat 600<\/strong> y llegaron incluso a <strong>exportarse<\/strong> a Colombia.<\/p>\n<p>Como ves, el Seat 600 marc\u00f3 una \u00e9poca y hoy, tras 60 a\u00f1os, todav\u00eda recordamos con cari\u00f1o a nuestro querido \u201cgarbancito\u201d \u00bfconoc\u00edas su historia?<\/p>\n","protected":false},"excerpt":{"rendered":"<p>El cl\u00e1sico que cambi\u00f3 la historia de los autom\u00f3viles, el Seat 600, cumple en 2017 los 60 a\u00f1os y llena de paso nuestra mente de recuerdos. Este coche es un<\/p>\n","protected":false},"author":6,"featured_media":11736,"comment_status":"closed","ping_status":"open","sticky":false,"template":"","format":"standard","meta":{"footnotes":""},"categories":[1],"tags":[145,1199],"class_list":["post-11732","post","type-post","status-publish","format-standard","has-post-thumbnail","hentry","category-actualidad","tag-clasicos","tag-seat-600"],"_links":{"self":[{"href":"https:\/\/www.sibuscascoche.com\/noticias\/wp-json\/wp\/v2\/posts\/11732","targetHints":{"allow":["GET"]}}],"collection":[{"href":"https:\/\/www.sibuscascoche.com\/noticias\/wp-json\/wp\/v2\/posts"}],"about":[{"href":"https:\/\/www.sibuscascoche.com\/noticias\/wp-json\/wp\/v2\/types\/post"}],"author":[{"embeddable":true,"href":"https:\/\/www.sibuscascoche.com\/noticias\/wp-json\/wp\/v2\/users\/6"}],"replies":[{"embeddable":true,"href":"https:\/\/www.sibuscascoche.com\/noticias\/wp-json\/wp\/v2\/comments?post=11732"}],"version-history":[{"count":7,"href":"https:\/\/www.sibuscascoche.com\/noticias\/wp-json\/wp\/v2\/posts\/11732\/revisions"}],"predecessor-version":[{"id":12160,"href":"https:\/\/www.sibuscascoche.com\/noticias\/wp-json\/wp\/v2\/posts\/11732\/revisions\/12160"}],"wp:featuredmedia":[{"embeddable":true,"href":"https:\/\/www.sibuscascoche.com\/noticias\/wp-json\/wp\/v2\/media\/11736"}],"wp:attachment":[{"href":"https:\/\/www.sibuscascoche.com\/noticias\/wp-json\/wp\/v2\/media?parent=11732"}],"wp:term":[{"taxonomy":"category","embeddable":true,"href":"https:\/\/www.sibuscascoche.com\/noticias\/wp-json\/wp\/v2\/categories?post=11732"},{"taxonomy":"post_tag","embeddable":true,"href":"https:\/\/www.sibuscascoche.com\/noticias\/wp-json\/wp\/v2\/tags?post=11732"}],"curies":[{"name":"wp","href":"https:\/\/api.w.org\/{rel}","templated":true}]}}