{"id":11591,"date":"2017-08-04T12:53:34","date_gmt":"2017-08-04T10:53:34","guid":{"rendered":"https:\/\/www.sibuscascoche.com\/noticias\/?p=11591"},"modified":"2017-08-07T13:24:08","modified_gmt":"2017-08-07T11:24:08","slug":"vitara-clasico-3-millones-unidades","status":"publish","type":"post","link":"https:\/\/www.sibuscascoche.com\/noticias\/2017\/vitara-clasico-3-millones-unidades\/","title":{"rendered":"El Vitara, un cl\u00e1sico que va por los 3 millones de unidades"},"content":{"rendered":"<p>Cuando <strong>hace casi 30 a\u00f1os<\/strong>\u00a0en el Sal\u00f3n Internacional del Autom\u00f3vil de Tokio se exhib\u00eda un coche ins\u00f3lito\u00a0que no era exactamente un todoterreno pero definitivamente tampoco se trata de un turismo pocos eran conscientes de que estaban presenciando un hito en la historia de la automoci\u00f3n. La presentaci\u00f3n del primer <strong>Suzuki Vitara<\/strong> y una de las primeras piedras para sentar las bases de lo que llegar\u00eda a ser uno de los tipos de veh\u00edculos m\u00e1s demandados actualmente, <strong>el SUV<\/strong>.<\/p>\n<p><img loading=\"lazy\" decoding=\"async\" class=\"alignright size-full wp-image-11595\" alt=\"Suzuki de ocasi\u00f3n\" src=\"https:\/\/www.sibuscascoche.com\/noticias\/wp-content\/uploads\/2017\/06\/Suzuki-Vitara.jpg\" width=\"300\" height=\"200\" \/><\/p>\n<p>Hoy este modelo marca otro hito, ya que<strong> acaba de salir de f\u00e1brica la unidad n\u00famero 3 millones<\/strong> y cualquiera de las actualizaciones\u00a0de este modelo que han llegado al mercado son f\u00e1cilmente reconocibles en nuestras carreteras, por lo que ya podemos hablar de un cl\u00e1sico. Aunque fue <strong>su primera encarnaci\u00f3n<\/strong>, que e<strong>stuvo disponible durante 10 a\u00f1os<\/strong>, la que tiene un mayor peso en la historia de la marca. Con un dise\u00f1o inconfundible, robusto, cuadrado, fuerte y urbano, el primer Vitara sent\u00f3 las bases de todos aquellos que vendr\u00edan despu\u00e9s.<\/p>\n<p>M\u00e1s tarde llegar\u00eda el <strong>Grand Vitara que durante 7 a\u00f1os fue uno de los SUV de 7 plazas m\u00e1s baratos y m\u00e1s vendidos de Estados Unidos<\/strong>, lo que propici\u00f3 que fuera todav\u00eda m\u00e1s reconocible, con versiones m\u00e1s grandes como la XL-7 y otras m\u00e1s peque\u00f1as y manejables. Ya <strong>en 2005 lleg\u00f3 la tercera generaci\u00f3n<\/strong> de este veh\u00edculo que, por aquel entonces, ya era uno de los autom\u00f3viles m\u00e1s reconocibles y reconocidos del mundo con casi 2 millones y medio de unidades vendidas y otros 10 a\u00f1os de presencia en el mercado con esta tercera generaci\u00f3n.<\/p>\n<p>Hace dos a\u00f1os, <strong>en 2015, sali\u00f3 la cuarta<\/strong> y, por ahora, \u00faltima. Un nuevo Vitara, completamente renovado y adecuado a los tiempos que corren en los que los SUV son muy habituales en nuestras carreteras, pero sin perder ni un \u00e1pice de esa personalidad que lo convirti\u00f3 en un icono del automovilismo.<\/p>\n","protected":false},"excerpt":{"rendered":"<p>Cuando hace casi 30 a\u00f1os\u00a0en el Sal\u00f3n Internacional del Autom\u00f3vil de Tokio se exhib\u00eda un coche ins\u00f3lito\u00a0que no era exactamente un todoterreno pero definitivamente tampoco se trata de un turismo<\/p>\n","protected":false},"author":6,"featured_media":11593,"comment_status":"closed","ping_status":"open","sticky":false,"template":"","format":"standard","meta":{"footnotes":""},"categories":[1],"tags":[],"class_list":["post-11591","post","type-post","status-publish","format-standard","has-post-thumbnail","hentry","category-actualidad"],"_links":{"self":[{"href":"https:\/\/www.sibuscascoche.com\/noticias\/wp-json\/wp\/v2\/posts\/11591","targetHints":{"allow":["GET"]}}],"collection":[{"href":"https:\/\/www.sibuscascoche.com\/noticias\/wp-json\/wp\/v2\/posts"}],"about":[{"href":"https:\/\/www.sibuscascoche.com\/noticias\/wp-json\/wp\/v2\/types\/post"}],"author":[{"embeddable":true,"href":"https:\/\/www.sibuscascoche.com\/noticias\/wp-json\/wp\/v2\/users\/6"}],"replies":[{"embeddable":true,"href":"https:\/\/www.sibuscascoche.com\/noticias\/wp-json\/wp\/v2\/comments?post=11591"}],"version-history":[{"count":5,"href":"https:\/\/www.sibuscascoche.com\/noticias\/wp-json\/wp\/v2\/posts\/11591\/revisions"}],"predecessor-version":[{"id":11996,"href":"https:\/\/www.sibuscascoche.com\/noticias\/wp-json\/wp\/v2\/posts\/11591\/revisions\/11996"}],"wp:featuredmedia":[{"embeddable":true,"href":"https:\/\/www.sibuscascoche.com\/noticias\/wp-json\/wp\/v2\/media\/11593"}],"wp:attachment":[{"href":"https:\/\/www.sibuscascoche.com\/noticias\/wp-json\/wp\/v2\/media?parent=11591"}],"wp:term":[{"taxonomy":"category","embeddable":true,"href":"https:\/\/www.sibuscascoche.com\/noticias\/wp-json\/wp\/v2\/categories?post=11591"},{"taxonomy":"post_tag","embeddable":true,"href":"https:\/\/www.sibuscascoche.com\/noticias\/wp-json\/wp\/v2\/tags?post=11591"}],"curies":[{"name":"wp","href":"https:\/\/api.w.org\/{rel}","templated":true}]}}