{"id":11576,"date":"2017-08-04T14:02:47","date_gmt":"2017-08-04T12:02:47","guid":{"rendered":"https:\/\/www.sibuscascoche.com\/noticias\/?p=11576"},"modified":"2017-08-07T14:36:22","modified_gmt":"2017-08-07T12:36:22","slug":"nueva-normativa-sillitas-i-size","status":"publish","type":"post","link":"https:\/\/www.sibuscascoche.com\/noticias\/2017\/nueva-normativa-sillitas-i-size\/","title":{"rendered":"Nueva normativa, sillitas i-Size lo que hay que saber"},"content":{"rendered":"<p>Todos aquellos que sois padres, t\u00edos o abuelos y sol\u00e9is<strong> llevar a los peques en vuestro coche<\/strong>\u00a0sab\u00e9is\u00a0<strong>la variedad de sillitas \u00a0que hay en funci\u00f3n de sus<\/strong><strong>\u00a0rangos y pruebas<\/strong>, la mayor\u00eda hab\u00e9is sufrido tambi\u00e9n lo dif\u00edcil que es montarlas, y la preocupaci\u00f3n de que est\u00e9 bien instalada y el ni\u00f1o circule de forma segura.\u00a0A partir de ahora con la nueva normativa en sillas de beb\u00e9 para los veh\u00edculos esto va a cambiar. No solo ser\u00e1 m\u00e1s f\u00e1cil montar la silla ya que solo ser\u00e1 compatible con el <strong>nuevo sistema Isofix<\/strong>, sino que tambi\u00e9n ser\u00e1 m\u00e1s f\u00e1cil de comparar un modelo con otro, ya que el fabricante simplemente tendr\u00e1 que especificar el rango de alturas y edades de cada una.<\/p>\n<p><img loading=\"lazy\" decoding=\"async\" class=\"alignright size-full wp-image-11581\" alt=\"coche segunda mano\" src=\"https:\/\/www.sibuscascoche.com\/noticias\/wp-content\/uploads\/2017\/06\/i-size.jpg\" width=\"200\" height=\"300\" \/><\/p>\n<p>Pero lo que es m\u00e1s importante que nuestra comodidad, <strong>los ni\u00f1os estar\u00e1n m\u00e1s seguros<\/strong>, entre otras cosas porque <strong>estas nuevas sillitas llegar\u00e1n al mercado testadas tambi\u00e9n para golpes laterales<\/strong> y al ir colocadas con el sistema Isofix sabremos que est\u00e1n bien instaladas, sin tener que recurrir al cintur\u00f3n de seguridad. Evidentemente no es necesario ir corriendo a cambiarla ya que habr\u00e1 un per\u00edodo l\u00f3gico de convivencia entre los dos grupos, pero <strong>a partir de 2018 solo se vender\u00e1n estas i-Size<\/strong>.<\/p>\n<p>Por otro lado, no te recomendamos que reutilices demasiado las sillas para el coche porque suelen estar fabricadas de pl\u00e1stico que con el tiempo se degrada (de hecho en algunos pa\u00edses ya incorporan una fecha de caducidad. Por otra parte en la nueva normativa<strong>\u00a0<\/strong>tambi\u00e9n consta la obligatoriedad de que <strong>los beb\u00e9s (hasta 15 meses) deber\u00e1n viajar en el sentido contrario de la marcha y en el asiento trasero<\/strong>, por lo que las sillitas i-Size tambi\u00e9n son una ventaja porque garantizan esta colocaci\u00f3n. Aunque en un principio puede parecer una posici\u00f3n<strong>\u00a0<\/strong>inc\u00f3moda para el beb\u00e9 (y para los padres que no pueden verlo bien)<strong> los estudios demuestran que esta posici\u00f3n, en caso de accidente, reduce el impacto en el cuello del beb\u00e9<\/strong>. As\u00ed, que si vas a ser padre pronto, no te lo pienses y compra ya este tipo de sillita, tu peque te lo agradecer\u00e1.<\/p>\n","protected":false},"excerpt":{"rendered":"<p>Todos aquellos que sois padres, t\u00edos o abuelos y sol\u00e9is llevar a los peques en vuestro coche\u00a0sab\u00e9is\u00a0la variedad de sillitas \u00a0que hay en funci\u00f3n de sus\u00a0rangos y pruebas, la mayor\u00eda<\/p>\n","protected":false},"author":6,"featured_media":11999,"comment_status":"closed","ping_status":"open","sticky":false,"template":"","format":"standard","meta":{"footnotes":""},"categories":[1],"tags":[],"class_list":["post-11576","post","type-post","status-publish","format-standard","has-post-thumbnail","hentry","category-actualidad"],"_links":{"self":[{"href":"https:\/\/www.sibuscascoche.com\/noticias\/wp-json\/wp\/v2\/posts\/11576","targetHints":{"allow":["GET"]}}],"collection":[{"href":"https:\/\/www.sibuscascoche.com\/noticias\/wp-json\/wp\/v2\/posts"}],"about":[{"href":"https:\/\/www.sibuscascoche.com\/noticias\/wp-json\/wp\/v2\/types\/post"}],"author":[{"embeddable":true,"href":"https:\/\/www.sibuscascoche.com\/noticias\/wp-json\/wp\/v2\/users\/6"}],"replies":[{"embeddable":true,"href":"https:\/\/www.sibuscascoche.com\/noticias\/wp-json\/wp\/v2\/comments?post=11576"}],"version-history":[{"count":10,"href":"https:\/\/www.sibuscascoche.com\/noticias\/wp-json\/wp\/v2\/posts\/11576\/revisions"}],"predecessor-version":[{"id":12004,"href":"https:\/\/www.sibuscascoche.com\/noticias\/wp-json\/wp\/v2\/posts\/11576\/revisions\/12004"}],"wp:featuredmedia":[{"embeddable":true,"href":"https:\/\/www.sibuscascoche.com\/noticias\/wp-json\/wp\/v2\/media\/11999"}],"wp:attachment":[{"href":"https:\/\/www.sibuscascoche.com\/noticias\/wp-json\/wp\/v2\/media?parent=11576"}],"wp:term":[{"taxonomy":"category","embeddable":true,"href":"https:\/\/www.sibuscascoche.com\/noticias\/wp-json\/wp\/v2\/categories?post=11576"},{"taxonomy":"post_tag","embeddable":true,"href":"https:\/\/www.sibuscascoche.com\/noticias\/wp-json\/wp\/v2\/tags?post=11576"}],"curies":[{"name":"wp","href":"https:\/\/api.w.org\/{rel}","templated":true}]}}