{"id":11567,"date":"2017-08-04T14:47:13","date_gmt":"2017-08-04T12:47:13","guid":{"rendered":"https:\/\/www.sibuscascoche.com\/noticias\/?p=11567"},"modified":"2017-08-07T14:47:19","modified_gmt":"2017-08-07T12:47:19","slug":"porsche-911-potencia-exclusividad","status":"publish","type":"post","link":"https:\/\/www.sibuscascoche.com\/noticias\/2017\/porsche-911-potencia-exclusividad\/","title":{"rendered":"Porsche 911, potencia y exclusividad"},"content":{"rendered":"<p>El <strong>Porsche 911 Turbo S Exclusive Series<\/strong> promete ser, como su nombre indica, <strong>uno de los coches m\u00e1s exclusivos que existen<\/strong>, porque <strong>solo se han fabricado 500 unidades<\/strong>, pero tambi\u00e9n porque <strong>tiene una potencia de 453 kW (607 caballos)<\/strong> encerrados en un motor b\u00f3xer biturbo de 3.8 litros que hace que alcance los 100 km\/h desde 0 en 2,9 segundos y los 200 km\/h en 9,6. Por supuesto esto solo podr\u00e1s comprobarlo en circuito, pero la experiencia ser\u00e1 \u00fanica.<\/p>\n<p><img loading=\"lazy\" decoding=\"async\" class=\"alignright size-full wp-image-11571\" alt=\"Porche 911 Exclusive | Sibuscascoche\" src=\"https:\/\/www.sibuscascoche.com\/noticias\/wp-content\/uploads\/2017\/06\/Porche-911-Exclusive.jpg\" width=\"300\" height=\"200\" \/><\/p>\n<p>No solo su motor lo convierte en una pieza de coleccionista nada m\u00e1s salir al mercado, su dise\u00f1o tambi\u00e9n lo hace. Cuidado hasta el m\u00e1s m\u00ednimo detalle y <strong>terminado a mano<\/strong> en los talleres que la compa\u00f1\u00eda tiene desde hace poco en Zuffenhausen, resalta la carrocer\u00eda de <strong>Amarillo Oro Metalizado<\/strong>, aunque si eres m\u00e1s dado a la discreci\u00f3n, hay otros colores disponibles de Porsche Exclusive. Tambi\u00e9n los m\u00faltiples detalles propios para este veh\u00edculo como el <strong>aler\u00f3n Turbo Aerokit<\/strong>, el sistema de escape de dos tubos dobles y las llantas de 20 pulgadas. Todo esto combinado en negro, aunque las llantas y algunos otros elementos llevan detalles en amarillo oro.<\/p>\n<p>En el interior, los complementos tambi\u00e9n est\u00e1n cuidados hasta el \u00faltimo detalle, como los <strong>asientos deportivos con dos capas de cuero negro<\/strong>, en el que estas capas van superpuestas y \u201ccosidas\u201d en el color omnipresente en esta edici\u00f3n especial, el amarillo oro. Al igual que el techo, forrado de Alc\u00e1ntara y en el que tambi\u00e9n encontramos este color.<\/p>\n<p>Si est\u00e1s pensando que uno de estos Porsche 911 Turbo S Exclusive Series puede ser tuyo, debes saber que la cantidad que tendr\u00e1s que abonar es de unos <strong>298.115 euros<\/strong>, pero la exclusividad estar\u00e1 presente desde el primer momento, cada coche lleva una placa en la que atestigua que n\u00famero de esas 500 unidades es y los umbrales de las puertas se retroiluminan al abrirlas dejando ver el lema Exclusive Serie. As\u00ed que si quieres que sea tuyo no lo pienses m\u00e1s y l\u00e1nzate a por \u00e9l.<\/p>\n","protected":false},"excerpt":{"rendered":"<p>El Porsche 911 Turbo S Exclusive Series promete ser, como su nombre indica, uno de los coches m\u00e1s exclusivos que existen, porque solo se han fabricado 500 unidades, pero tambi\u00e9n<\/p>\n","protected":false},"author":6,"featured_media":11570,"comment_status":"closed","ping_status":"open","sticky":false,"template":"","format":"standard","meta":{"footnotes":""},"categories":[1],"tags":[],"class_list":["post-11567","post","type-post","status-publish","format-standard","has-post-thumbnail","hentry","category-actualidad"],"_links":{"self":[{"href":"https:\/\/www.sibuscascoche.com\/noticias\/wp-json\/wp\/v2\/posts\/11567","targetHints":{"allow":["GET"]}}],"collection":[{"href":"https:\/\/www.sibuscascoche.com\/noticias\/wp-json\/wp\/v2\/posts"}],"about":[{"href":"https:\/\/www.sibuscascoche.com\/noticias\/wp-json\/wp\/v2\/types\/post"}],"author":[{"embeddable":true,"href":"https:\/\/www.sibuscascoche.com\/noticias\/wp-json\/wp\/v2\/users\/6"}],"replies":[{"embeddable":true,"href":"https:\/\/www.sibuscascoche.com\/noticias\/wp-json\/wp\/v2\/comments?post=11567"}],"version-history":[{"count":3,"href":"https:\/\/www.sibuscascoche.com\/noticias\/wp-json\/wp\/v2\/posts\/11567\/revisions"}],"predecessor-version":[{"id":11574,"href":"https:\/\/www.sibuscascoche.com\/noticias\/wp-json\/wp\/v2\/posts\/11567\/revisions\/11574"}],"wp:featuredmedia":[{"embeddable":true,"href":"https:\/\/www.sibuscascoche.com\/noticias\/wp-json\/wp\/v2\/media\/11570"}],"wp:attachment":[{"href":"https:\/\/www.sibuscascoche.com\/noticias\/wp-json\/wp\/v2\/media?parent=11567"}],"wp:term":[{"taxonomy":"category","embeddable":true,"href":"https:\/\/www.sibuscascoche.com\/noticias\/wp-json\/wp\/v2\/categories?post=11567"},{"taxonomy":"post_tag","embeddable":true,"href":"https:\/\/www.sibuscascoche.com\/noticias\/wp-json\/wp\/v2\/tags?post=11567"}],"curies":[{"name":"wp","href":"https:\/\/api.w.org\/{rel}","templated":true}]}}