{"id":11518,"date":"2017-09-05T17:04:16","date_gmt":"2017-09-05T15:04:16","guid":{"rendered":"https:\/\/www.sibuscascoche.com\/noticias\/?p=11518"},"modified":"2025-01-29T11:43:10","modified_gmt":"2025-01-29T10:43:10","slug":"4-historias-de-logos-de-coches-5a-parte","status":"publish","type":"post","link":"https:\/\/www.sibuscascoche.com\/noticias\/2017\/4-historias-de-logos-de-coches-5a-parte\/","title":{"rendered":"4 historias de logos de coches"},"content":{"rendered":"<p>\u00bfSab\u00edas que Mazda lleva el nombre de un dios y Mercedes el de una ni\u00f1a? \u00bfO que Toyota era\u00a0al principio Toyoda? Esta es nuestra \u00faltima entrega de historias de logos, si no has le\u00eddo las otras te recomendamos que te pases por\u00a0<span style=\"color: #0000ff;\"><a href=\"https:\/\/www.sibuscascoche.com\/noticias\/2017\/historias-interesantes-logotipos-marcas-coches\/\" target=\"_blank\" rel=\"noopener noreferrer\"><span style=\"color: #0000ff;\">Audi, Citro\u00ebn, Peugeot y Ferrari<\/span><\/a><\/span>, por\u00a0<a href=\"https:\/\/www.sibuscascoche.com\/noticias\/2017\/4-historias-logos-coches-segunda-parte\/\" target=\"_blank\" rel=\"noopener noreferrer\"><span style=\"color: #0000ff;\">Alfa Romeo, Aston Martin, Opel y Fiat<\/span><\/a>, que visites <span style=\"color: #0000ff;\"><a href=\"https:\/\/www.sibuscascoche.com\/noticias\/2017\/4-historias-logos-coches-tercera-parte\/\" target=\"_blank\" rel=\"noopener noreferrer\"><span style=\"color: #0000ff;\">BMW, Chevrolet, Chrysler y Renault<\/span><\/a><\/span>\u00a0y te empapes de la fascinante historia de\u00a0<span style=\"color: #0000ff;\"><a href=\"https:\/\/www.sibuscascoche.com\/noticias\/2017\/4-historias-logos-de-coches-4a-parte\/\" target=\"_blank\" rel=\"noopener noreferrer\"><span style=\"color: #0000ff;\">Cadillac, Ford, Mitsubishi y Volvo<\/span><\/a><\/span><span style=\"color: #0000ff;\">.<span style=\"color: #000000;\"> \u00a1Esperamos que lo hayas pasado tan bien ley\u00e9ndolas como nosotros escribi\u00e9ndolas!<\/span><\/span><\/p>\n<p><strong>Mazda:<\/strong> Su nombre proviene de uno de los primeros dioses de Asia occidental. Ahura Mazda era el dios de la sabidur\u00eda, la inteligencia y la armon\u00eda. Como la compa\u00f1\u00eda <strong>procede de Hiroshima<\/strong>, ciudad natal del fundador Jujiro Matsuda, en 1936 se cre\u00f3 un logo inspirado en su emblema, pero con unos picos m\u00e1s pronunciados en la mitad para potenciar la \u201cM\u201d y con una alas que simbolizan agilidad y velocidad. En el 97 se redise\u00f1\u00f3 con el actual s\u00edmbolo que recuerda a un ave volando.<\/p>\n<p><img loading=\"lazy\" decoding=\"async\" class=\"alignleft size-full wp-image-11529\" src=\"https:\/\/www.sibuscascoche.com\/noticias\/wp-content\/uploads\/2017\/06\/Logos-int.jpg\" alt=\"Coches de ocasi\u00f3n\" width=\"300\" height=\"200\" \/><\/p>\n<p><strong>Porsche:<\/strong> Los fundadores fueron <strong>Ferdinand y Ferry Porsche<\/strong> en 1948 quienes fueron encarcelados por <strong>colaborar con Hitler<\/strong> despu\u00e9s de la Segunda Guerra Mundial. Fue Ferry quien, en una cena, superpuso <strong>los escudos de Stuttgart y Baden W\u00fcrttemberg<\/strong> para crear el logo, que ha permanecido inalterable hasta hoy.<\/p>\n<p><strong>Toyota:<\/strong> En un principio la marca se llamaba<strong> Toyoda<\/strong> (campo de arroz fecundo), pero decidieron cambiarlo a Toyota justamente porque esta carec\u00eda de significado alguno. En 1936 el logo era <strong>esta palabra en alfabeto japon\u00e9s<\/strong>\u00a0dentro de un c\u00edrculo rojo pero acab\u00f3 sustituy\u00e9ndose por tres elipsis que significan \u00abel coraz\u00f3n del cliente, el producto, y el alcance global que tiene la compa\u00f1\u00eda\u00bb.<\/p>\n<p><strong>Mercedes:<\/strong>\u00a0A Gottleb Daimler creador en 1885 del\u00a0<strong>motor de combusti\u00f3n interna y fundador de DMG<\/strong> (Daimler Motoren GesellSchaft), el c\u00f3nsul Emil Jellinek le encarg\u00f3 que fabricase unos b\u00f3lidos de carreras con el nombre de su\u00a0<strong>hija Mercedes<\/strong>. El \u00e9xito de su asociaci\u00f3n los convierte en una pareja permanente y el nombre sigue calando hasta que, cuando se fusiona con Benz, dando lugar al actual Mercedes-Benz. El <strong>logo que representa su capacidad para impulsar veh\u00edculos por tierra, mar y aire<\/strong>\u00a0fue adoptado por los hijos de Daimler despu\u00e9s de su muerte.<\/p>\n","protected":false},"excerpt":{"rendered":"<p>\u00bfSab\u00edas que Mazda lleva el nombre de un dios y Mercedes el de una ni\u00f1a? \u00bfO que Toyota era\u00a0al principio Toyoda? Esta es nuestra \u00faltima entrega de historias de logos,<\/p>\n","protected":false},"author":1,"featured_media":11520,"comment_status":"closed","ping_status":"open","sticky":false,"template":"","format":"standard","meta":{"footnotes":""},"categories":[1],"tags":[],"class_list":["post-11518","post","type-post","status-publish","format-standard","has-post-thumbnail","hentry","category-actualidad"],"_links":{"self":[{"href":"https:\/\/www.sibuscascoche.com\/noticias\/wp-json\/wp\/v2\/posts\/11518","targetHints":{"allow":["GET"]}}],"collection":[{"href":"https:\/\/www.sibuscascoche.com\/noticias\/wp-json\/wp\/v2\/posts"}],"about":[{"href":"https:\/\/www.sibuscascoche.com\/noticias\/wp-json\/wp\/v2\/types\/post"}],"author":[{"embeddable":true,"href":"https:\/\/www.sibuscascoche.com\/noticias\/wp-json\/wp\/v2\/users\/1"}],"replies":[{"embeddable":true,"href":"https:\/\/www.sibuscascoche.com\/noticias\/wp-json\/wp\/v2\/comments?post=11518"}],"version-history":[{"count":12,"href":"https:\/\/www.sibuscascoche.com\/noticias\/wp-json\/wp\/v2\/posts\/11518\/revisions"}],"predecessor-version":[{"id":18091,"href":"https:\/\/www.sibuscascoche.com\/noticias\/wp-json\/wp\/v2\/posts\/11518\/revisions\/18091"}],"wp:featuredmedia":[{"embeddable":true,"href":"https:\/\/www.sibuscascoche.com\/noticias\/wp-json\/wp\/v2\/media\/11520"}],"wp:attachment":[{"href":"https:\/\/www.sibuscascoche.com\/noticias\/wp-json\/wp\/v2\/media?parent=11518"}],"wp:term":[{"taxonomy":"category","embeddable":true,"href":"https:\/\/www.sibuscascoche.com\/noticias\/wp-json\/wp\/v2\/categories?post=11518"},{"taxonomy":"post_tag","embeddable":true,"href":"https:\/\/www.sibuscascoche.com\/noticias\/wp-json\/wp\/v2\/tags?post=11518"}],"curies":[{"name":"wp","href":"https:\/\/api.w.org\/{rel}","templated":true}]}}