{"id":11408,"date":"2017-05-30T22:00:36","date_gmt":"2017-05-30T20:00:36","guid":{"rendered":"https:\/\/www.sibuscascoche.com\/noticias\/?p=11408"},"modified":"2017-07-12T17:49:57","modified_gmt":"2017-07-12T15:49:57","slug":"volkswagen-e-golf-llego-madrid-coches-de-ocasion-baratos","status":"publish","type":"post","link":"https:\/\/www.sibuscascoche.com\/noticias\/2017\/volkswagen-e-golf-llego-madrid-coches-de-ocasion-baratos\/","title":{"rendered":"El Volkswagen e-Golf lleg\u00f3 a Madrid"},"content":{"rendered":"<p>Desde <span style=\"color: #0071b9\"><a title=\"Comprar Volkswagen | Sibuscascoche.com\" href=\"https:\/\/www.sibuscascoche.com\/coches-ocasion\/volkswagen\"><span style=\"color: #0071b9\">Volkswagen\u00a0 <\/span><\/a><\/span>est\u00e1n convencidos de que <b>los coches el\u00e9ctricos son el futuro<\/b> de la conducci\u00f3n, por eso, en los \u00faltimos a\u00f1os han apostado por <b>mejorar sus versiones el\u00e9ctricas<\/b> y presentar los que ser\u00e1n sus modelos para el futuro, como la familia I.D. Recientemente la marca alemana <b>ha llegado hasta Madrid<\/b> con la <b>nueva versi\u00f3n de su e-Golf<\/b> con la que pretenden dominar el mercado. Algunos privilegiados ya han podido conocer en directo el nuevo e-Golf en su visita a la capital, pero si no has sido uno de los afortunados\u2026 \u00a1tranquilo! Nosotros te lo presentamos.<\/p>\n<p><img loading=\"lazy\" decoding=\"async\" class=\"alignright size-full wp-image-11401\" alt=\"Volkswagen e-Golf, comprar coche\" src=\"https:\/\/www.sibuscascoche.com\/noticias\/wp-content\/uploads\/2017\/05\/comprar-coche-volkswagen-e-golf.jpg\" width=\"300\" height=\"200\" \/>La \u00faltima apuesta el\u00e9ctrica de Volkswagen da <b>un salto de calidad muy importante<\/b> en relaci\u00f3n con la anterior versi\u00f3n. El nuevo e-Golf est\u00e1 equipado con un <b>motor el\u00e9ctrico de 101 KW (136 CV)<\/b>, que supera en 16 KW (21 CV) al anterior. Esta mejora de potencia tambi\u00e9n ha conseguido que el nuevo coche alem\u00e1n <b>pueda alcanzar los 150 km\/h<\/b>, \u00bfqui\u00e9n dec\u00eda que los coches el\u00e9ctricos no pod\u00edan ser r\u00e1pidos?<\/p>\n<p>El e-Golf ha <b>duplicado la potencia m\u00e1xima de carga<\/b> de su bater\u00eda. Gracias a esto el nuevo coche alem\u00e1n podr\u00e1 <b>cargar por completo<\/b> su bater\u00eda en unas <b>cinco horas y veinte minutos<\/b>. Con una sola carga podremos <b>recorrer hasta 300 km<\/b> sin tener que preocuparnos por nada.<\/p>\n<p>Adem\u00e1s del motor el\u00e9ctrico, la nueva versi\u00f3n del cl\u00e1sico Golf incorpora el <b>sistema de infoentretenimiento Discover Pro de 9,2 pulgadas,<\/b> que podemos manejar gracias al control gestual. El nuevo Volkswagen tambi\u00e9n incluye las \u00faltimas novedades tecnol\u00f3gicas como el <b>Volkswagen Digital Cockpit<\/b> o el <b>Car-Net,<\/b> con el que podremos vincular nuestro tel\u00e9fono y nuestro coche de manera muy sencilla.<\/p>\n<p>Otro de los pilares del nuevo coche alem\u00e1n son los sistemas de asistencia a la conducci\u00f3n, como el <b>sistema de ayuda en atasco,<\/b> con el que el coche rodar\u00e1 en una <b>conducci\u00f3n semiaut\u00f3noma<\/b> cuando <b>no superemos los 60 km\/h<\/b> o el <b>Front Assist,<\/b> que permite <b>detectar a los peatones<\/b> y evitar cualquier percance.<\/p>\n<p>Y t\u00fa, \u00bfqu\u00e9 opinas de los coches el\u00e9ctricos? \u00bfte gustar\u00eda conducir el nuevo e-Golf?<\/p>\n","protected":false},"excerpt":{"rendered":"<p>Desde Volkswagen\u00a0 est\u00e1n convencidos de que los coches el\u00e9ctricos son el futuro de la conducci\u00f3n, por eso, en los \u00faltimos a\u00f1os han apostado por mejorar sus versiones el\u00e9ctricas y presentar<\/p>\n","protected":false},"author":6,"featured_media":11400,"comment_status":"closed","ping_status":"open","sticky":false,"template":"","format":"standard","meta":{"footnotes":""},"categories":[1,10],"tags":[1182,22],"class_list":["post-11408","post","type-post","status-publish","format-standard","has-post-thumbnail","hentry","category-actualidad","category-hibridos-electricos","tag-electricos","tag-volkswagen"],"_links":{"self":[{"href":"https:\/\/www.sibuscascoche.com\/noticias\/wp-json\/wp\/v2\/posts\/11408","targetHints":{"allow":["GET"]}}],"collection":[{"href":"https:\/\/www.sibuscascoche.com\/noticias\/wp-json\/wp\/v2\/posts"}],"about":[{"href":"https:\/\/www.sibuscascoche.com\/noticias\/wp-json\/wp\/v2\/types\/post"}],"author":[{"embeddable":true,"href":"https:\/\/www.sibuscascoche.com\/noticias\/wp-json\/wp\/v2\/users\/6"}],"replies":[{"embeddable":true,"href":"https:\/\/www.sibuscascoche.com\/noticias\/wp-json\/wp\/v2\/comments?post=11408"}],"version-history":[{"count":7,"href":"https:\/\/www.sibuscascoche.com\/noticias\/wp-json\/wp\/v2\/posts\/11408\/revisions"}],"predecessor-version":[{"id":11788,"href":"https:\/\/www.sibuscascoche.com\/noticias\/wp-json\/wp\/v2\/posts\/11408\/revisions\/11788"}],"wp:featuredmedia":[{"embeddable":true,"href":"https:\/\/www.sibuscascoche.com\/noticias\/wp-json\/wp\/v2\/media\/11400"}],"wp:attachment":[{"href":"https:\/\/www.sibuscascoche.com\/noticias\/wp-json\/wp\/v2\/media?parent=11408"}],"wp:term":[{"taxonomy":"category","embeddable":true,"href":"https:\/\/www.sibuscascoche.com\/noticias\/wp-json\/wp\/v2\/categories?post=11408"},{"taxonomy":"post_tag","embeddable":true,"href":"https:\/\/www.sibuscascoche.com\/noticias\/wp-json\/wp\/v2\/tags?post=11408"}],"curies":[{"name":"wp","href":"https:\/\/api.w.org\/{rel}","templated":true}]}}