{"id":114,"date":"2013-09-15T17:35:13","date_gmt":"2013-09-15T15:35:13","guid":{"rendered":"https:\/\/www.sibuscascoche.com\/noticias\/?p=114"},"modified":"2015-02-02T10:54:10","modified_gmt":"2015-02-02T09:54:10","slug":"la-1a-targa-iberia-una-nueva-cita-con-el-rally-historico","status":"publish","type":"post","link":"https:\/\/www.sibuscascoche.com\/noticias\/2013\/la-1a-targa-iberia-una-nueva-cita-con-el-rally-historico\/","title":{"rendered":"La 1\u00aa Targa Iberia, una nueva cita con el rally hist\u00f3rico"},"content":{"rendered":"<p>A tan solo unas semanas de la Targa Iberia, un nuevo rally hist\u00f3rico, ya est\u00e1n disponibles los primeros detalles sobre la ruta y los veh\u00edculos que participan en ella. Comienza el 22 de octubre en el Aut\u00f3dromo Internacional del Algarve.<\/p>\n<p>Con 4 circuitos de mucho nivel y bellos paisajes, esta competici\u00f3n pasar\u00e1 por el complejo Onubense de Isla Canela, el Circuito de Monteblanco, la sierra de Aznalcollar y diferentes lugares de Jerez de la Frontera.<\/p>\n<p>Podr\u00e1n inscribirse turismos y GT de hasta mediados de los 80. Entre los veh\u00edculos participantes se encuentran joyas de importancia hist\u00f3rica d\u00edficiles de encontrar, destaca la presencia de dos Ford GT40, un Ford Mustang Shelby 350 GT, un Aston Martin DB4 Zagato, Porsches 911, entre otros.<\/p>\n<p>La prueba finalizar\u00e1 el 26 de octubre y aunque es la primera vez que se celebra aspira a convertirse en una cita hist\u00f3rica imprescindible del calendario hist\u00f3rico europeo.<\/p>\n","protected":false},"excerpt":{"rendered":"<p>A tan solo unas semanas de la Targa Iberia, un nuevo rally hist\u00f3rico, ya est\u00e1n disponibles los primeros detalles sobre la ruta y los veh\u00edculos que participan en ella. Comienza<\/p>\n","protected":false},"author":1,"featured_media":3915,"comment_status":"closed","ping_status":"open","sticky":false,"template":"","format":"standard","meta":{"footnotes":""},"categories":[9],"tags":[57],"class_list":["post-114","post","type-post","status-publish","format-standard","has-post-thumbnail","hentry","category-eventos","tag-rally"],"_links":{"self":[{"href":"https:\/\/www.sibuscascoche.com\/noticias\/wp-json\/wp\/v2\/posts\/114","targetHints":{"allow":["GET"]}}],"collection":[{"href":"https:\/\/www.sibuscascoche.com\/noticias\/wp-json\/wp\/v2\/posts"}],"about":[{"href":"https:\/\/www.sibuscascoche.com\/noticias\/wp-json\/wp\/v2\/types\/post"}],"author":[{"embeddable":true,"href":"https:\/\/www.sibuscascoche.com\/noticias\/wp-json\/wp\/v2\/users\/1"}],"replies":[{"embeddable":true,"href":"https:\/\/www.sibuscascoche.com\/noticias\/wp-json\/wp\/v2\/comments?post=114"}],"version-history":[{"count":6,"href":"https:\/\/www.sibuscascoche.com\/noticias\/wp-json\/wp\/v2\/posts\/114\/revisions"}],"predecessor-version":[{"id":560,"href":"https:\/\/www.sibuscascoche.com\/noticias\/wp-json\/wp\/v2\/posts\/114\/revisions\/560"}],"wp:featuredmedia":[{"embeddable":true,"href":"https:\/\/www.sibuscascoche.com\/noticias\/wp-json\/wp\/v2\/media\/3915"}],"wp:attachment":[{"href":"https:\/\/www.sibuscascoche.com\/noticias\/wp-json\/wp\/v2\/media?parent=114"}],"wp:term":[{"taxonomy":"category","embeddable":true,"href":"https:\/\/www.sibuscascoche.com\/noticias\/wp-json\/wp\/v2\/categories?post=114"},{"taxonomy":"post_tag","embeddable":true,"href":"https:\/\/www.sibuscascoche.com\/noticias\/wp-json\/wp\/v2\/tags?post=114"}],"curies":[{"name":"wp","href":"https:\/\/api.w.org\/{rel}","templated":true}]}}