{"id":11369,"date":"2017-05-29T12:34:39","date_gmt":"2017-05-29T10:34:39","guid":{"rendered":"https:\/\/www.sibuscascoche.com\/noticias\/?p=11369"},"modified":"2017-05-29T12:34:39","modified_gmt":"2017-05-29T10:34:39","slug":"volkswagen-id-buzz-confort-espacio","status":"publish","type":"post","link":"https:\/\/www.sibuscascoche.com\/noticias\/2017\/volkswagen-id-buzz-confort-espacio\/","title":{"rendered":"Volkswagen I.D. Buzz: m\u00e1ximo confort y espacio"},"content":{"rendered":"<p><iframe loading=\"lazy\" src=\"https:\/\/www.youtube.com\/embed\/sqwPGlkAUwg\" height=\"371\" width=\"660\" allowfullscreen=\"\" frameborder=\"0\"><\/iframe><\/p>\n<p><strong>Volkswagen I.D. Buzz.\u00a0<\/strong>Cero emisiones, 600 km de autonom\u00eda, tracci\u00f3n en todas las ruedas y hasta 8 asientos. El segundo modelo de la familia I.D. de Volkswagen se present\u00f3 al mundo en el <strong>Sal\u00f3n de Detroit<\/strong>, (NAIAS 2017), aunque en Europa se dio a conocer en el <strong>Sal\u00f3n Internacional del Autom\u00f3vil de Ginebra<\/strong> (GIMS 2017), que tuvo lugar del 9 al 19 de marzo en la capital suiza.<\/p>\n<p>Este <strong>monovolumen el\u00e9ctrico<\/strong> est\u00e1 basado en la plataforma modular que permite disfrutar del m\u00e1ximo confort y un amplio espacio. Se trata de una mirada al futuro\u00a0al mostrar como la nueva <strong>Plataforma Modular El\u00e9ctrica<\/strong> (MEB) se aplica perfectamente en veh\u00edculos de gran tama\u00f1o: las bater\u00edas est\u00e1n situadas en el suelo del veh\u00edculo y los asientos se pueden configurar en m\u00faltiples posiciones, lo que permite <strong>maximizar el uso del espacio<\/strong>.\u00a0Si quieres conocer m\u00e1s a fondo este veh\u00edculo, haz clic\u00a0<a title=\"volkswagen i.d. buzz\" href=\"https:\/\/www.sibuscascoche.com\/noticias\/2017\/volkswagen-id-buzz-en-ginebra\/\">aqu\u00ed<\/a>.<\/p>\n","protected":false},"excerpt":{"rendered":"<p>Volkswagen I.D. Buzz.\u00a0Cero emisiones, 600 km de autonom\u00eda, tracci\u00f3n en todas las ruedas y hasta 8 asientos. El segundo modelo de la familia I.D. de Volkswagen se present\u00f3 al mundo<\/p>\n","protected":false},"author":1,"featured_media":11370,"comment_status":"closed","ping_status":"open","sticky":false,"template":"","format":"standard","meta":{"footnotes":""},"categories":[476],"tags":[1064,619,1176,1177,22,1175,337],"class_list":["post-11369","post","type-post","status-publish","format-standard","has-post-thumbnail","hentry","category-videos","tag-autonomia","tag-coche-electrico","tag-id-buzz","tag-monovolumen-electrico","tag-volkswagen","tag-volkswagen-id-buzz","tag-vw"],"_links":{"self":[{"href":"https:\/\/www.sibuscascoche.com\/noticias\/wp-json\/wp\/v2\/posts\/11369","targetHints":{"allow":["GET"]}}],"collection":[{"href":"https:\/\/www.sibuscascoche.com\/noticias\/wp-json\/wp\/v2\/posts"}],"about":[{"href":"https:\/\/www.sibuscascoche.com\/noticias\/wp-json\/wp\/v2\/types\/post"}],"author":[{"embeddable":true,"href":"https:\/\/www.sibuscascoche.com\/noticias\/wp-json\/wp\/v2\/users\/1"}],"replies":[{"embeddable":true,"href":"https:\/\/www.sibuscascoche.com\/noticias\/wp-json\/wp\/v2\/comments?post=11369"}],"version-history":[{"count":1,"href":"https:\/\/www.sibuscascoche.com\/noticias\/wp-json\/wp\/v2\/posts\/11369\/revisions"}],"predecessor-version":[{"id":11371,"href":"https:\/\/www.sibuscascoche.com\/noticias\/wp-json\/wp\/v2\/posts\/11369\/revisions\/11371"}],"wp:featuredmedia":[{"embeddable":true,"href":"https:\/\/www.sibuscascoche.com\/noticias\/wp-json\/wp\/v2\/media\/11370"}],"wp:attachment":[{"href":"https:\/\/www.sibuscascoche.com\/noticias\/wp-json\/wp\/v2\/media?parent=11369"}],"wp:term":[{"taxonomy":"category","embeddable":true,"href":"https:\/\/www.sibuscascoche.com\/noticias\/wp-json\/wp\/v2\/categories?post=11369"},{"taxonomy":"post_tag","embeddable":true,"href":"https:\/\/www.sibuscascoche.com\/noticias\/wp-json\/wp\/v2\/tags?post=11369"}],"curies":[{"name":"wp","href":"https:\/\/api.w.org\/{rel}","templated":true}]}}