{"id":11365,"date":"2017-05-29T12:05:48","date_gmt":"2017-05-29T10:05:48","guid":{"rendered":"https:\/\/www.sibuscascoche.com\/noticias\/?p=11365"},"modified":"2017-05-29T12:05:48","modified_gmt":"2017-05-29T10:05:48","slug":"novedades-salon-ginebra-2017","status":"publish","type":"post","link":"https:\/\/www.sibuscascoche.com\/noticias\/2017\/novedades-salon-ginebra-2017\/","title":{"rendered":"Novedades en el Sal\u00f3n de Ginebra 2017"},"content":{"rendered":"<p><iframe loading=\"lazy\" src=\"https:\/\/www.youtube.com\/embed\/QgceNmlEQn0\" height=\"371\" width=\"660\" allowfullscreen=\"\" frameborder=\"0\"><\/iframe><\/p>\n<p>El <strong>Sal\u00f3n de Ginebra<\/strong> constituye la cita internacional m\u00e1s importante del a\u00f1o para el <strong>sector del autom\u00f3vil<\/strong>. La edici\u00f3n n\u00famero 87 del <strong>\u201cGeneva International Motor Show 2017\u201d<\/strong> (GIMS 2017) abri\u00f3 sus puertas entre el 9 y el 19 de marzo en la capital de Suiza para presentar multitud de <strong>prototipos vanguardistas<\/strong> y <strong>coches que estar\u00e1n pr\u00f3ximamente en los concesionarios<\/strong>.<\/p>\n<p>Entre el centenar de novedades mostradas este a\u00f1o, cabe destacar el especial protagonismo de los<strong> veh\u00edculos el\u00e9ctricos y los coches aut\u00f3nomos<\/strong>, as\u00ed como las innovaciones en materiales y equipamientos de seguridad. Son muchas las marcas que escogen este evento para dar a conocer sus novedades, como <strong>Audi, Volkswagen, Volvo o BMW <\/strong>y m\u00faltiples los prototipos que se exhiben en esta muestra y que podremos conducir en los pr\u00f3ximos a\u00f1os.\u00a0Si quer\u00e9is saber m\u00e1s sobre el <strong>GIMS 2017<\/strong>, no os perd\u00e1is este <a title=\"Sal\u00f3n Ginebra 2017\" href=\"https:\/\/www.sibuscascoche.com\/noticias\/2017\/primicias-salon-ginebra-2017\/\">art\u00edculo<\/a>.<\/p>\n","protected":false},"excerpt":{"rendered":"<p>El Sal\u00f3n de Ginebra constituye la cita internacional m\u00e1s importante del a\u00f1o para el sector del autom\u00f3vil. La edici\u00f3n n\u00famero 87 del \u201cGeneva International Motor Show 2017\u201d (GIMS 2017) abri\u00f3<\/p>\n","protected":false},"author":1,"featured_media":11366,"comment_status":"closed","ping_status":"open","sticky":false,"template":"","format":"standard","meta":{"footnotes":""},"categories":[476],"tags":[18,1172,498,1173,1171,520,1169,1170,1174,22,184],"class_list":["post-11365","post","type-post","status-publish","format-standard","has-post-thumbnail","hentry","category-videos","tag-audi","tag-bmv","tag-coche","tag-geneva-international-motor-show-2017","tag-gims-2017","tag-salon-ginebra","tag-salon-ginebra-2017","tag-suiza","tag-vehiculo","tag-volkswagen","tag-volvo"],"_links":{"self":[{"href":"https:\/\/www.sibuscascoche.com\/noticias\/wp-json\/wp\/v2\/posts\/11365","targetHints":{"allow":["GET"]}}],"collection":[{"href":"https:\/\/www.sibuscascoche.com\/noticias\/wp-json\/wp\/v2\/posts"}],"about":[{"href":"https:\/\/www.sibuscascoche.com\/noticias\/wp-json\/wp\/v2\/types\/post"}],"author":[{"embeddable":true,"href":"https:\/\/www.sibuscascoche.com\/noticias\/wp-json\/wp\/v2\/users\/1"}],"replies":[{"embeddable":true,"href":"https:\/\/www.sibuscascoche.com\/noticias\/wp-json\/wp\/v2\/comments?post=11365"}],"version-history":[{"count":2,"href":"https:\/\/www.sibuscascoche.com\/noticias\/wp-json\/wp\/v2\/posts\/11365\/revisions"}],"predecessor-version":[{"id":11368,"href":"https:\/\/www.sibuscascoche.com\/noticias\/wp-json\/wp\/v2\/posts\/11365\/revisions\/11368"}],"wp:featuredmedia":[{"embeddable":true,"href":"https:\/\/www.sibuscascoche.com\/noticias\/wp-json\/wp\/v2\/media\/11366"}],"wp:attachment":[{"href":"https:\/\/www.sibuscascoche.com\/noticias\/wp-json\/wp\/v2\/media?parent=11365"}],"wp:term":[{"taxonomy":"category","embeddable":true,"href":"https:\/\/www.sibuscascoche.com\/noticias\/wp-json\/wp\/v2\/categories?post=11365"},{"taxonomy":"post_tag","embeddable":true,"href":"https:\/\/www.sibuscascoche.com\/noticias\/wp-json\/wp\/v2\/tags?post=11365"}],"curies":[{"name":"wp","href":"https:\/\/api.w.org\/{rel}","templated":true}]}}