{"id":11326,"date":"2017-06-19T16:38:40","date_gmt":"2017-06-19T14:38:40","guid":{"rendered":"https:\/\/www.sibuscascoche.com\/noticias\/?p=11326"},"modified":"2017-06-19T16:38:40","modified_gmt":"2017-06-19T14:38:40","slug":"suzuki-vitara-mas-especial-historia-comprar-coche","status":"publish","type":"post","link":"https:\/\/www.sibuscascoche.com\/noticias\/2017\/suzuki-vitara-mas-especial-historia-comprar-coche\/","title":{"rendered":"El Suzuki Vitara m\u00e1s especial de la historia"},"content":{"rendered":"<p><span style=\"color: #0071b9;\"><a title=\"Comprar SUV | Sibuscascoche.com\" href=\"https:\/\/www.sibuscascoche.com\/carroceria\/todoterreno\"><span style=\"color: #0071b9;\">Suzuki<\/span><\/a><\/span> ha querido celebrar en Espa\u00f1a el <b>\u00e9xito de las ventas<\/b> de la \u00faltima versi\u00f3n de su modelo m\u00e1s famoso, el <b>Vitara<\/b>. La marca japonesa ha fabricado una <b>edici\u00f3n especial limitada<\/b> con un <b>equipamiento incre\u00edble<\/b> y con <b>detalles \u00fanicos<\/b> que no podremos encontrar en ning\u00fan otro Vitara. \u00bfTe ense\u00f1amos como es el Suzuki Vitara Edici\u00f3n Especial?<\/p>\n<p><img loading=\"lazy\" decoding=\"async\" class=\"alignright size-full wp-image-11330\" alt=\"Suzuki Vitara, comprar coche\" src=\"https:\/\/www.sibuscascoche.com\/noticias\/wp-content\/uploads\/2017\/05\/comprar-coche-suzuki-vitara-especial.jpg\" width=\"300\" height=\"200\" \/>La \u00faltima versi\u00f3n del afamado coche japon\u00e9s est\u00e1 disponible con <b>dos motorizaciones de 120 CV<\/b>. La primera de ellas equipa un <b>motor 1.6 VVT<\/b> de <b>tracci\u00f3n delantera<\/b> y con una <b>transmisi\u00f3n manual de cinco velocidades<\/b>, mientras que la versi\u00f3n <b>1.6 DDiS<\/b> incorpora la <b>tracci\u00f3n 4&#215;4 AllGrip<\/b> con una <b>caja de cambios manual de seis velocidades<\/b>.<\/p>\n<p>En el exterior del <b>Suzuki Vitara Edici\u00f3n Especial<\/b> nos encontramos con una <b>pintura bitono<\/b> con un color s\u00f3lido para la mayor parte del coche y otro <b>color de apoyo<\/b> para el <b>techo<\/b> y otros detalles como los <b>retrovisores<\/b>. La exclusividad en sus acabados queda patente con unas <b>llantas de 17 pulgadas<\/b> en doble tonalidad con<b> centro de color bronce<\/b>.<\/p>\n<p>Si nos sentamos en el nuevo Suzuki nos daremos cuenta enseguida de que estamos en <b>un coche muy especial<\/b>. Los <b>asientos combinan la piel y el ante<\/b> mientras que las <b>salidas de ventilaci\u00f3n<\/b> utilizan el <b>bronce<\/b> a juego con la parte central de las llantas para imprimirle un <b>aspecto a\u00fan m\u00e1s exclusivo<\/b>.<\/p>\n<p>La nueva versi\u00f3n del Vitara tambi\u00e9n incorpora la <b>\u00faltima tecnolog\u00eda<\/b> en materia de <b>conectividad<\/b> como el <b>sistema bluetooth<\/b> o <b>USB<\/b> con el que podremos gestionar el sistema de infoentretenimiento. Adem\u00e1s, Suzuki ha introducido en su \u00faltimo modelo el <b>sistema de arranque sin llave<\/b> y un <b>GPS completo<\/b> que est\u00e1 disponible de serie en esta edici\u00f3n especial.<\/p>\n<p>\u00bfEres de esos a los que siempre les gustaron los Vitara? Pues seguro que esta versi\u00f3n te resulta irresistible.<\/p>\n","protected":false},"excerpt":{"rendered":"<p>Suzuki ha querido celebrar en Espa\u00f1a el \u00e9xito de las ventas de la \u00faltima versi\u00f3n de su modelo m\u00e1s famoso, el Vitara. La marca japonesa ha fabricado una edici\u00f3n especial<\/p>\n","protected":false},"author":6,"featured_media":11329,"comment_status":"closed","ping_status":"open","sticky":false,"template":"","format":"standard","meta":{"footnotes":""},"categories":[1,8],"tags":[129,769],"class_list":["post-11326","post","type-post","status-publish","format-standard","has-post-thumbnail","hentry","category-actualidad","category-lanzamientos","tag-suv","tag-suzuki"],"_links":{"self":[{"href":"https:\/\/www.sibuscascoche.com\/noticias\/wp-json\/wp\/v2\/posts\/11326","targetHints":{"allow":["GET"]}}],"collection":[{"href":"https:\/\/www.sibuscascoche.com\/noticias\/wp-json\/wp\/v2\/posts"}],"about":[{"href":"https:\/\/www.sibuscascoche.com\/noticias\/wp-json\/wp\/v2\/types\/post"}],"author":[{"embeddable":true,"href":"https:\/\/www.sibuscascoche.com\/noticias\/wp-json\/wp\/v2\/users\/6"}],"replies":[{"embeddable":true,"href":"https:\/\/www.sibuscascoche.com\/noticias\/wp-json\/wp\/v2\/comments?post=11326"}],"version-history":[{"count":4,"href":"https:\/\/www.sibuscascoche.com\/noticias\/wp-json\/wp\/v2\/posts\/11326\/revisions"}],"predecessor-version":[{"id":11543,"href":"https:\/\/www.sibuscascoche.com\/noticias\/wp-json\/wp\/v2\/posts\/11326\/revisions\/11543"}],"wp:featuredmedia":[{"embeddable":true,"href":"https:\/\/www.sibuscascoche.com\/noticias\/wp-json\/wp\/v2\/media\/11329"}],"wp:attachment":[{"href":"https:\/\/www.sibuscascoche.com\/noticias\/wp-json\/wp\/v2\/media?parent=11326"}],"wp:term":[{"taxonomy":"category","embeddable":true,"href":"https:\/\/www.sibuscascoche.com\/noticias\/wp-json\/wp\/v2\/categories?post=11326"},{"taxonomy":"post_tag","embeddable":true,"href":"https:\/\/www.sibuscascoche.com\/noticias\/wp-json\/wp\/v2\/tags?post=11326"}],"curies":[{"name":"wp","href":"https:\/\/api.w.org\/{rel}","templated":true}]}}