{"id":1128,"date":"2013-12-20T13:59:03","date_gmt":"2013-12-20T12:59:03","guid":{"rendered":"https:\/\/www.sibuscascoche.com\/noticias\/?p=1128"},"modified":"2014-01-10T14:09:37","modified_gmt":"2014-01-10T13:09:37","slug":"ford-fiesta-35-anos-historia","status":"publish","type":"post","link":"https:\/\/www.sibuscascoche.com\/noticias\/2013\/ford-fiesta-35-anos-historia\/","title":{"rendered":"Ford Fiesta, m\u00e1s de 35 a\u00f1os de historia"},"content":{"rendered":"<p style=\"text-align: justify;\">Era el a\u00f1o 1976 cuando sal\u00eda de la factor\u00eda espa\u00f1ola de Ford en Almusafes (Valencia), la primera unidad del Ford Fiesta y a lo largo de todos estos a\u00f1os, se han fabricado m\u00e1s de 15 millones de unidades en todo el mundo.<\/p>\n<p style=\"text-align: justify;\"><img loading=\"lazy\" decoding=\"async\" class=\"alignright size-full wp-image-1131\" alt=\"Ford Fiesta, coche segunda mano\" src=\"https:\/\/www.sibuscascoche.com\/noticias\/wp-content\/uploads\/2014\/01\/interior1-ford-fiesta.jpg\" width=\"300\" height=\"200\" \/>El Ford Fiesta posee ya m\u00e1s de seis generaciones. La primera, concebida entre los a\u00f1os 1972 y 1976 y en la que el Fiesta se ide\u00f3 como un coche utilitario, asequible y de bajo consumo. Apenas med\u00eda 3,56m de largo y contaba con tres puertas. No s\u00f3lo se limitaba a Espa\u00f1a sino que tambi\u00e9n se fabric\u00f3 en Reino Unido y Alemania.<\/p>\n<p style=\"text-align: justify;\">La segunda versi\u00f3n ten\u00eda un motor de 1.6 de 96 CV que no era a\u00fan de inyecci\u00f3n y montaba una caja de cambios de cinco velocidades. Las cinco puertas aparecieron en la tercera generaci\u00f3n, en la que el Ford Fiesta tambi\u00e9n era m\u00e1s largo y ancho. Luego aterrizaron los motores de inyecci\u00f3n (el XR2i ten\u00eda ya 110 CV) e incluso se fabric\u00f3 una versi\u00f3n turbo. Era el primer coche utilitario con ABS. En el a\u00f1o 1999 la cuarta generaci\u00f3n recibe un restyling y m\u00e1s tarde, ya en el 2002, el Fiesta aumenta de tama\u00f1o hasta los 3,91 m de longitud. Ambas generaciones tuvieron carrocer\u00edas tipo sed\u00e1n de cuatro puertas con mayor capacidad de maletero.<\/p>\n<p style=\"text-align: justify;\"><img loading=\"lazy\" decoding=\"async\" class=\"alignleft size-full wp-image-1132\" alt=\"Ford Fiesta, coche segunda mano\" src=\"https:\/\/www.sibuscascoche.com\/noticias\/wp-content\/uploads\/2014\/01\/interior2-ford-fiesta.jpg\" width=\"300\" height=\"200\" \/>La sexta generaci\u00f3n del Ford Fiesta, que comenz\u00f3 a fabricarse en el 2008,\u00a0 mide 3,95 m de longitud. Dos a\u00f1os m\u00e1s tarde, la Ford Motor Company aplica ligeros retoques de estilo al exterior y al interior e introduce dos colores exclusivos, Rojo Marte y Fashionista.<\/p>\n<p style=\"text-align: justify;\">La \u00faltima generaci\u00f3n, el Ford Fiesta ST 2013, es la versi\u00f3n m\u00e1s potente con un motor de gasolina Ecoboost de 1,6 litros con turbocompresor que rinde a una potencia de 182 CV a 5700 rpm. Incorpora caja de cambios manual de seis velocidades y llega a los 100 Km\/h en 6,9 segundos, pudiendo alcanzar una velocidad m\u00e1xima de 220 Km\/h. \u00a0Sin duda, Ford no deja de sorprendernos.<\/p>\n","protected":false},"excerpt":{"rendered":"<p>Era el a\u00f1o 1976 cuando sal\u00eda de la factor\u00eda espa\u00f1ola de Ford en Almusafes (Valencia), la primera unidad del Ford Fiesta y a lo largo de todos estos a\u00f1os, se<\/p>\n","protected":false},"author":1,"featured_media":1130,"comment_status":"closed","ping_status":"open","sticky":false,"template":"","format":"standard","meta":{"footnotes":""},"categories":[7],"tags":[142],"class_list":["post-1128","post","type-post","status-publish","format-standard","has-post-thumbnail","hentry","category-turismos","tag-ford"],"_links":{"self":[{"href":"https:\/\/www.sibuscascoche.com\/noticias\/wp-json\/wp\/v2\/posts\/1128","targetHints":{"allow":["GET"]}}],"collection":[{"href":"https:\/\/www.sibuscascoche.com\/noticias\/wp-json\/wp\/v2\/posts"}],"about":[{"href":"https:\/\/www.sibuscascoche.com\/noticias\/wp-json\/wp\/v2\/types\/post"}],"author":[{"embeddable":true,"href":"https:\/\/www.sibuscascoche.com\/noticias\/wp-json\/wp\/v2\/users\/1"}],"replies":[{"embeddable":true,"href":"https:\/\/www.sibuscascoche.com\/noticias\/wp-json\/wp\/v2\/comments?post=1128"}],"version-history":[{"count":2,"href":"https:\/\/www.sibuscascoche.com\/noticias\/wp-json\/wp\/v2\/posts\/1128\/revisions"}],"predecessor-version":[{"id":1133,"href":"https:\/\/www.sibuscascoche.com\/noticias\/wp-json\/wp\/v2\/posts\/1128\/revisions\/1133"}],"wp:featuredmedia":[{"embeddable":true,"href":"https:\/\/www.sibuscascoche.com\/noticias\/wp-json\/wp\/v2\/media\/1130"}],"wp:attachment":[{"href":"https:\/\/www.sibuscascoche.com\/noticias\/wp-json\/wp\/v2\/media?parent=1128"}],"wp:term":[{"taxonomy":"category","embeddable":true,"href":"https:\/\/www.sibuscascoche.com\/noticias\/wp-json\/wp\/v2\/categories?post=1128"},{"taxonomy":"post_tag","embeddable":true,"href":"https:\/\/www.sibuscascoche.com\/noticias\/wp-json\/wp\/v2\/tags?post=1128"}],"curies":[{"name":"wp","href":"https:\/\/api.w.org\/{rel}","templated":true}]}}