{"id":11249,"date":"2017-05-31T17:09:16","date_gmt":"2017-05-31T15:09:16","guid":{"rendered":"https:\/\/www.sibuscascoche.com\/noticias\/?p=11249"},"modified":"2017-05-31T17:09:16","modified_gmt":"2017-05-31T15:09:16","slug":"toyota-supra-renace-2018-comprar-coche","status":"publish","type":"post","link":"https:\/\/www.sibuscascoche.com\/noticias\/2017\/toyota-supra-renace-2018-comprar-coche\/","title":{"rendered":"El Toyota Supra renace para el 2018"},"content":{"rendered":"<p><a title=\"Comprar Toyota | Sibuscascoche.com\" href=\"https:\/\/www.sibuscascoche.com\/coches-ocasion\/toyota\">Toyota<\/a> trabaja ya en la <strong>nueva edici\u00f3n de su deportivo Supra<\/strong> para el a\u00f1o 2018 y las fotos esp\u00eda ya nos adelantan algunas novedades. \u00bfSe han aliado Toyota y BMW? \u00bfSer\u00e1 h\u00edbrido o el\u00e9ctrico? \u00bfTiene est\u00e9tica rompedora? Son muchas las inc\u00f3gnitas a resolver acerca del nuevo lanzamiento de Toyota, veamos si tenemos certezas sobre algunas de ellas.<\/p>\n<p><img loading=\"lazy\" decoding=\"async\" class=\"alignright size-full wp-image-11255\" alt=\"Toyota FT-1, comprar coche, coches de ocasi\u00f3n baratos\" src=\"https:\/\/www.sibuscascoche.com\/noticias\/wp-content\/uploads\/2017\/05\/toyota-ft-1-supra-2018.jpg\" width=\"300\" height=\"200\" \/>La novedad m\u00e1s sorprendente que incorpora el Supra nace de la<strong> alianza de Toyota y BMW,<\/strong> que fue iniciada ya hace unos a\u00f1os y que promete mejores h\u00edbridos y el\u00e9ctricos para BMW y mejores mec\u00e1nicas para Toyota. As\u00ed, el nuevo Toyota Supra 2018 <strong>se montar\u00e1 sobre la plataforma del BMW Z5,<\/strong> con el que, en principio, est\u00e1 previsto que comparta chasis y mec\u00e1nica. Lo que no tenemos tan claro es que el nuevo deportivo de Toyota incorpore <strong>tecnolog\u00eda h\u00edbrida<\/strong>, aunque parece que as\u00ed ser\u00e1.<\/p>\n<p>En cuanto a la est\u00e9tica, nos resulta dif\u00edcil obtener informaci\u00f3n sobre ella porque, de momento, solo hemos visto coches de prueba que sufren cambios continuos, pero se rumorea que podr\u00eda parecerse al <strong>concept FT-1<\/strong>. Lo que est\u00e1 claro es que presenta <strong>l\u00edneas deportivas y aerodin\u00e1mica<\/strong>s y que incluye unas<strong> entradas de aire y pasos de rueda m\u00e1s grandes<\/strong> que los de el anterior Supra.<\/p>\n<p>El Supra llegaba a Europa en 1989, aprovechando la plataforma de su antecesor, el Celica. Destacaba por sus faros frontales elevables y un potente motor, lo que le permiti\u00f3 pasarse los a\u00f1os 80 y 90 atrayendo todas las miradas. En 1993 se lanzaba la cuarta generaci\u00f3n y en 2003, para tristeza de muchos, dej\u00f3 de producirse. Ahora la marca japonesa planea su regreso por todo lo alto.<\/p>\n<p>Est\u00e1 previsto que el Supra 2018 <strong>nazca oficialmente a finales de este mismo a\u00f1o<\/strong> en el Auto Show de <strong>Tokio<\/strong> y ser\u00e1 aqu\u00ed cuando desvelemos todas las inc\u00f3gnitas. Mientras, nos queda seguir investigando las fotos esp\u00eda o deleit\u00e1ndonos con las del concept FT-1, en el que te\u00f3ricamente est\u00e1 inspirado.<\/p>\n","protected":false},"excerpt":{"rendered":"<p>Toyota trabaja ya en la nueva edici\u00f3n de su deportivo Supra para el a\u00f1o 2018 y las fotos esp\u00eda ya nos adelantan algunas novedades. \u00bfSe han aliado Toyota y BMW?<\/p>\n","protected":false},"author":6,"featured_media":11254,"comment_status":"closed","ping_status":"open","sticky":false,"template":"","format":"standard","meta":{"footnotes":""},"categories":[1,8],"tags":[71,1161,120],"class_list":["post-11249","post","type-post","status-publish","format-standard","has-post-thumbnail","hentry","category-actualidad","category-lanzamientos","tag-deportivo","tag-supra","tag-toyota"],"_links":{"self":[{"href":"https:\/\/www.sibuscascoche.com\/noticias\/wp-json\/wp\/v2\/posts\/11249","targetHints":{"allow":["GET"]}}],"collection":[{"href":"https:\/\/www.sibuscascoche.com\/noticias\/wp-json\/wp\/v2\/posts"}],"about":[{"href":"https:\/\/www.sibuscascoche.com\/noticias\/wp-json\/wp\/v2\/types\/post"}],"author":[{"embeddable":true,"href":"https:\/\/www.sibuscascoche.com\/noticias\/wp-json\/wp\/v2\/users\/6"}],"replies":[{"embeddable":true,"href":"https:\/\/www.sibuscascoche.com\/noticias\/wp-json\/wp\/v2\/comments?post=11249"}],"version-history":[{"count":6,"href":"https:\/\/www.sibuscascoche.com\/noticias\/wp-json\/wp\/v2\/posts\/11249\/revisions"}],"predecessor-version":[{"id":11257,"href":"https:\/\/www.sibuscascoche.com\/noticias\/wp-json\/wp\/v2\/posts\/11249\/revisions\/11257"}],"wp:featuredmedia":[{"embeddable":true,"href":"https:\/\/www.sibuscascoche.com\/noticias\/wp-json\/wp\/v2\/media\/11254"}],"wp:attachment":[{"href":"https:\/\/www.sibuscascoche.com\/noticias\/wp-json\/wp\/v2\/media?parent=11249"}],"wp:term":[{"taxonomy":"category","embeddable":true,"href":"https:\/\/www.sibuscascoche.com\/noticias\/wp-json\/wp\/v2\/categories?post=11249"},{"taxonomy":"post_tag","embeddable":true,"href":"https:\/\/www.sibuscascoche.com\/noticias\/wp-json\/wp\/v2\/tags?post=11249"}],"curies":[{"name":"wp","href":"https:\/\/api.w.org\/{rel}","templated":true}]}}