{"id":11184,"date":"2017-06-19T16:36:05","date_gmt":"2017-06-19T14:36:05","guid":{"rendered":"https:\/\/www.sibuscascoche.com\/noticias\/?p=11184"},"modified":"2017-06-19T16:36:05","modified_gmt":"2017-06-19T14:36:05","slug":"audi-q4-nuevo-coupe-2019","status":"publish","type":"post","link":"https:\/\/www.sibuscascoche.com\/noticias\/2017\/audi-q4-nuevo-coupe-2019\/","title":{"rendered":"Audi Q4, el nuevo SUV Coup\u00e9 con fecha para 2019"},"content":{"rendered":"<p>Como no pod\u00eda ser de otra manera, en\u00a0<a href=\"https:\/\/sibuscascoche.com\/\">sibuscascoche.com<\/a>\u00a0te traemos una de las noticias m\u00e1s esperadas para los amantes de Audi. La marca de los cuatro aros cubrir\u00e1 \u00a0a partir de 2019\u00a0el hueco que los fans hab\u00edan detectado en su cat\u00e1logo de veh\u00edculos con su nuevo SUV Coup\u00e9.<\/p>\n<p>Parec\u00eda extra\u00f1o que un gigante del motor como Audi no cubriera esta parte del sector como lo hicieron BMW y Mercedes-Benz, su competencia m\u00e1s directa que cubren la categor\u00eda de los SUV Coup\u00e9 de tama\u00f1o compacto, con un X4, en el caso de BMW y el GLC Coup\u00e9, en el caso de Mercedes-Benz.<\/p>\n<p><img loading=\"lazy\" decoding=\"async\" class=\"alignright size-full wp-image-11187\" alt=\"Comprar coche en 2019, audi q4\" src=\"https:\/\/www.sibuscascoche.com\/noticias\/wp-content\/uploads\/2017\/05\/Sibuscascoche.com-Audi-q4-Web-interior.jpg\" width=\"300\" height=\"200\" \/><\/p>\n<p>Tendremos que esperar un par de a\u00f1os, hasta que el nuevo Audi Q4, la propuesta de Audi en este segmento, llegue a los Concesionarios pero podemos avanzar que su dise\u00f1o ser\u00e1 una versi\u00f3n remodelada del Audi TT con nuevas adaptaciones en su l\u00ednea y zaga. De este modo, se presenta una armon\u00eda entre un SUV de proporciones compactas y un coup\u00e9 deportivo.<\/p>\n<p>La marca ya present\u00f3 recientemente su nuevo Q3, un modelo todocamino deportivo de grandes dimensiones con fecha de lanzamiento para 2018. Ambos modelos se lanzar\u00e1n casi a la par, inaugurando una profunda renovaci\u00f3n dentro de la categor\u00eda SUV de Audi. El Q4 representar\u00e1 una actualizaci\u00f3n del Q3, una versi\u00f3n superior a este, pero inferior al Q5, que\u00a0incorporar\u00e1 algunas de las caracter\u00edsticas que ya constan en otros modelos de la marca. Con respecto al tama\u00f1o, el Q4 ser\u00e1 unos 11 cm m\u00e1s grande que el Q3, con una medida aproximada de 4,49 m. Y el precio rondar\u00e1 los 32.000 \u20ac.<\/p>\n<p>\u00bfSer\u00e1s capaz de esperar hasta 2019 para comprar el nuevo SUV Coup\u00e9 de Audi?<\/p>\n<p>&nbsp;<\/p>\n","protected":false},"excerpt":{"rendered":"<p>Como no pod\u00eda ser de otra manera, en\u00a0sibuscascoche.com\u00a0te traemos una de las noticias m\u00e1s esperadas para los amantes de Audi. La marca de los cuatro aros cubrir\u00e1 \u00a0a partir de<\/p>\n","protected":false},"author":6,"featured_media":11188,"comment_status":"closed","ping_status":"open","sticky":false,"template":"","format":"standard","meta":{"footnotes":""},"categories":[1],"tags":[],"class_list":["post-11184","post","type-post","status-publish","format-standard","has-post-thumbnail","hentry","category-actualidad"],"_links":{"self":[{"href":"https:\/\/www.sibuscascoche.com\/noticias\/wp-json\/wp\/v2\/posts\/11184","targetHints":{"allow":["GET"]}}],"collection":[{"href":"https:\/\/www.sibuscascoche.com\/noticias\/wp-json\/wp\/v2\/posts"}],"about":[{"href":"https:\/\/www.sibuscascoche.com\/noticias\/wp-json\/wp\/v2\/types\/post"}],"author":[{"embeddable":true,"href":"https:\/\/www.sibuscascoche.com\/noticias\/wp-json\/wp\/v2\/users\/6"}],"replies":[{"embeddable":true,"href":"https:\/\/www.sibuscascoche.com\/noticias\/wp-json\/wp\/v2\/comments?post=11184"}],"version-history":[{"count":7,"href":"https:\/\/www.sibuscascoche.com\/noticias\/wp-json\/wp\/v2\/posts\/11184\/revisions"}],"predecessor-version":[{"id":11542,"href":"https:\/\/www.sibuscascoche.com\/noticias\/wp-json\/wp\/v2\/posts\/11184\/revisions\/11542"}],"wp:featuredmedia":[{"embeddable":true,"href":"https:\/\/www.sibuscascoche.com\/noticias\/wp-json\/wp\/v2\/media\/11188"}],"wp:attachment":[{"href":"https:\/\/www.sibuscascoche.com\/noticias\/wp-json\/wp\/v2\/media?parent=11184"}],"wp:term":[{"taxonomy":"category","embeddable":true,"href":"https:\/\/www.sibuscascoche.com\/noticias\/wp-json\/wp\/v2\/categories?post=11184"},{"taxonomy":"post_tag","embeddable":true,"href":"https:\/\/www.sibuscascoche.com\/noticias\/wp-json\/wp\/v2\/tags?post=11184"}],"curies":[{"name":"wp","href":"https:\/\/api.w.org\/{rel}","templated":true}]}}