{"id":1117,"date":"2013-12-19T13:44:18","date_gmt":"2013-12-19T12:44:18","guid":{"rendered":"https:\/\/www.sibuscascoche.com\/noticias\/?p=1117"},"modified":"2014-01-10T13:45:59","modified_gmt":"2014-01-10T12:45:59","slug":"citroen-c4-cactus-es-realidad","status":"publish","type":"post","link":"https:\/\/www.sibuscascoche.com\/noticias\/2013\/citroen-c4-cactus-es-realidad\/","title":{"rendered":"Citro\u00ebn Cactus, ya es una realidad"},"content":{"rendered":"<p style=\"text-align: justify;\">Ya est\u00e1 prevista la presentaci\u00f3n oficial del Citro\u00ebn C4 Cactus, con un dise\u00f1o influenciado por el Citro\u00ebn Cactus Concept, presentado en el Sal\u00f3n de Frankfurt 2013 y que contar\u00e1 con novedosas soluciones.<\/p>\n<h5 style=\"text-align: justify;\"><b>Puro y funcional<\/b><\/h5>\n<p style=\"text-align: justify;\"><img loading=\"lazy\" decoding=\"async\" class=\"alignright size-full wp-image-1121\" alt=\"Citroen Cactus, coche segunda mano\" src=\"https:\/\/www.sibuscascoche.com\/noticias\/wp-content\/uploads\/2014\/01\/Interior-citroen-cactus.jpg\" width=\"300\" height=\"192\" \/>El estilo del Citro\u00ebn Cactus manifiesta tecnolog\u00eda y calidad. El dise\u00f1o reconcilia est\u00e9tica con uso y para ello cuenta con superficies puras y lisas, con vol\u00famenes fluidos. El blanco nacarado de la carrocer\u00eda se combina con el gris Lama de los <b>Airbumps <\/b>y el negro de los pasos de la rueda, con perfiles bajos y las barras portaobjetos del techo. Dise\u00f1o simple y pr\u00e1ctico. La incorporaci\u00f3n original de los Airbumps, protege la carrocer\u00eda de golpes gracias a sus c\u00e1psulas de aire de tacto suave.<\/p>\n<p style=\"text-align: justify;\">Se trata de una berlina compacta con 4,21m de largo, 1,75m de ancho y una altura de 1,53m. La distancia al suelo es elevada (21cm), algo caracter\u00edstico de los crossover. Los paragolpes del frontal, el cap\u00f3 y las aletas unidos de forma sublime y sin rupturas proporcionan un dise\u00f1o \u00fanico y original. Cuenta adem\u00e1s con faros de efecto 3D y con tecnolog\u00eda LED.<\/p>\n<h5 style=\"text-align: justify;\"><b>Interior espacioso<\/b><\/h5>\n<p style=\"text-align: justify;\">L\u00edneas fluidas y simples como al exterior, con m\u00e1ximo espacio disponible para comodidad de los ocupantes del Citro\u00ebn Cactus. Dispone de una pantalla de 7 pulgadas que sustituye al cuadro de mandos y que da acceso de forma t\u00e1ctil a <b>Citro\u00ebn Multicity Connect<\/b> y al resto de controles del veh\u00edculo como climatizador, sistemas de audio y navegaci\u00f3n y ayudas a la conducci\u00f3n.<\/p>\n<h5 style=\"text-align: justify;\"><b>Tecnolog\u00eda y coraz\u00f3n<\/b><\/h5>\n<p style=\"text-align: justify;\">La tecnolog\u00eda que mueve al Citro\u00ebn Cactus es<b> Hybrid Air<\/b>, un sistema h\u00edbrido con un motor con aire comprimido y la hidr\u00e1ulica de un motor de combusti\u00f3n de gasolina de la familia PureTech. Se trata de un sistema de menor coste y m\u00e1s limpio por la ausencia de bater\u00edas adicionales. El consumo medio se cifra en 3 l\/100Km.<\/p>\n<p style=\"text-align: justify;\">El grupo franc\u00e9s PSA Peugeot-Citro\u00ebn ha anunciado que el innovador modelo Citro\u00ebn C4 Cactus ser\u00e1 fabricado en la planta de Villaverde (Madrid), a partir del mes de Junio de 2014.<\/p>\n","protected":false},"excerpt":{"rendered":"<p>Ya est\u00e1 prevista la presentaci\u00f3n oficial del Citro\u00ebn C4 Cactus, con un dise\u00f1o influenciado por el Citro\u00ebn Cactus Concept, presentado en el Sal\u00f3n de Frankfurt 2013 y que contar\u00e1 con<\/p>\n","protected":false},"author":1,"featured_media":1120,"comment_status":"closed","ping_status":"open","sticky":false,"template":"","format":"standard","meta":{"footnotes":""},"categories":[10,8],"tags":[148],"class_list":["post-1117","post","type-post","status-publish","format-standard","has-post-thumbnail","hentry","category-hibridos-electricos","category-lanzamientos","tag-citroen"],"_links":{"self":[{"href":"https:\/\/www.sibuscascoche.com\/noticias\/wp-json\/wp\/v2\/posts\/1117","targetHints":{"allow":["GET"]}}],"collection":[{"href":"https:\/\/www.sibuscascoche.com\/noticias\/wp-json\/wp\/v2\/posts"}],"about":[{"href":"https:\/\/www.sibuscascoche.com\/noticias\/wp-json\/wp\/v2\/types\/post"}],"author":[{"embeddable":true,"href":"https:\/\/www.sibuscascoche.com\/noticias\/wp-json\/wp\/v2\/users\/1"}],"replies":[{"embeddable":true,"href":"https:\/\/www.sibuscascoche.com\/noticias\/wp-json\/wp\/v2\/comments?post=1117"}],"version-history":[{"count":7,"href":"https:\/\/www.sibuscascoche.com\/noticias\/wp-json\/wp\/v2\/posts\/1117\/revisions"}],"predecessor-version":[{"id":1127,"href":"https:\/\/www.sibuscascoche.com\/noticias\/wp-json\/wp\/v2\/posts\/1117\/revisions\/1127"}],"wp:featuredmedia":[{"embeddable":true,"href":"https:\/\/www.sibuscascoche.com\/noticias\/wp-json\/wp\/v2\/media\/1120"}],"wp:attachment":[{"href":"https:\/\/www.sibuscascoche.com\/noticias\/wp-json\/wp\/v2\/media?parent=1117"}],"wp:term":[{"taxonomy":"category","embeddable":true,"href":"https:\/\/www.sibuscascoche.com\/noticias\/wp-json\/wp\/v2\/categories?post=1117"},{"taxonomy":"post_tag","embeddable":true,"href":"https:\/\/www.sibuscascoche.com\/noticias\/wp-json\/wp\/v2\/tags?post=1117"}],"curies":[{"name":"wp","href":"https:\/\/api.w.org\/{rel}","templated":true}]}}