{"id":111,"date":"2013-09-15T17:33:18","date_gmt":"2013-09-15T15:33:18","guid":{"rendered":"https:\/\/www.sibuscascoche.com\/noticias\/?p=111"},"modified":"2013-09-30T14:57:44","modified_gmt":"2013-09-30T12:57:44","slug":"el-salon-de-frankfurt-2013","status":"publish","type":"post","link":"https:\/\/www.sibuscascoche.com\/noticias\/2013\/el-salon-de-frankfurt-2013\/","title":{"rendered":"El Sal\u00f3n de Frankfurt 2013"},"content":{"rendered":"<p>El Sal\u00f3n de Frankfurt es un evento anual, en el que se dan cita los principales fabricantes para mostrar sus \u00faltimas innovaciones tecnol\u00f3gicas, prototipos y nuevos modelos. El Sal\u00f3n abrir\u00e1 sus puertas este 2013 entre el 12 y el 22 de septiembre, pero la prensa podr\u00e1 acceder ya los d\u00edas 10 y 11.<\/p>\n<p>Entre las presentaciones m\u00e1s sonadas se encuentran este a\u00f1o el Audi A8 2014, el BMW i3 o el Concept Opel Monza. Jaguar, Renault, Subaru, Volkswagen y Mercedes tambi\u00e9n nos mostrar\u00e1n sus novedades. Estas y muchas otras marcas estar\u00e1n en los pr\u00f3ximos d\u00edas en la ciudad germana, permitiendo que, los afortunados que acudan a la exposici\u00f3n, paseen entre impresionantes stands y deportivos de infarto.<\/p>\n<p>Poco a poco iremos abordando las distintas innovaciones que nos traen estos fabricantes, puesto que marcar\u00e1n las tendencias automovil\u00edsticas del futuro pr\u00f3ximo.<\/p>\n","protected":false},"excerpt":{"rendered":"<p>El Sal\u00f3n de Frankfurt es un evento anual, en el que se dan cita los principales fabricantes para mostrar sus \u00faltimas innovaciones tecnol\u00f3gicas, prototipos y nuevos modelos. El Sal\u00f3n abrir\u00e1<\/p>\n","protected":false},"author":1,"featured_media":112,"comment_status":"closed","ping_status":"open","sticky":false,"template":"","format":"standard","meta":{"footnotes":""},"categories":[9],"tags":[40],"class_list":["post-111","post","type-post","status-publish","format-standard","has-post-thumbnail","hentry","category-eventos","tag-salones-del-automovil"],"_links":{"self":[{"href":"https:\/\/www.sibuscascoche.com\/noticias\/wp-json\/wp\/v2\/posts\/111","targetHints":{"allow":["GET"]}}],"collection":[{"href":"https:\/\/www.sibuscascoche.com\/noticias\/wp-json\/wp\/v2\/posts"}],"about":[{"href":"https:\/\/www.sibuscascoche.com\/noticias\/wp-json\/wp\/v2\/types\/post"}],"author":[{"embeddable":true,"href":"https:\/\/www.sibuscascoche.com\/noticias\/wp-json\/wp\/v2\/users\/1"}],"replies":[{"embeddable":true,"href":"https:\/\/www.sibuscascoche.com\/noticias\/wp-json\/wp\/v2\/comments?post=111"}],"version-history":[{"count":4,"href":"https:\/\/www.sibuscascoche.com\/noticias\/wp-json\/wp\/v2\/posts\/111\/revisions"}],"predecessor-version":[{"id":528,"href":"https:\/\/www.sibuscascoche.com\/noticias\/wp-json\/wp\/v2\/posts\/111\/revisions\/528"}],"wp:featuredmedia":[{"embeddable":true,"href":"https:\/\/www.sibuscascoche.com\/noticias\/wp-json\/wp\/v2\/media\/112"}],"wp:attachment":[{"href":"https:\/\/www.sibuscascoche.com\/noticias\/wp-json\/wp\/v2\/media?parent=111"}],"wp:term":[{"taxonomy":"category","embeddable":true,"href":"https:\/\/www.sibuscascoche.com\/noticias\/wp-json\/wp\/v2\/categories?post=111"},{"taxonomy":"post_tag","embeddable":true,"href":"https:\/\/www.sibuscascoche.com\/noticias\/wp-json\/wp\/v2\/tags?post=111"}],"curies":[{"name":"wp","href":"https:\/\/api.w.org\/{rel}","templated":true}]}}