{"id":11090,"date":"2017-06-23T18:35:30","date_gmt":"2017-06-23T16:35:30","guid":{"rendered":"https:\/\/www.sibuscascoche.com\/noticias\/?p=11090"},"modified":"2017-06-23T18:35:30","modified_gmt":"2017-06-23T16:35:30","slug":"mercedes-gla-2017-nuevo-suv-compacto-aleman-comprar-coche","status":"publish","type":"post","link":"https:\/\/www.sibuscascoche.com\/noticias\/2017\/mercedes-gla-2017-nuevo-suv-compacto-aleman-comprar-coche\/","title":{"rendered":"Mercedes GLA 2017, el nuevo SUV compacto alem\u00e1n"},"content":{"rendered":"<p>\u00bfPiensas en <a title=\"Comprar Mercedes | Sibuscascoche.com\" href=\"https:\/\/www.sibuscascoche.com\/coches-ocasion\/mercedes\"><b>comprar un Mercedes<\/b><\/a>? \u00bfCrees que te decidir\u00e1s por un SUV? Si la respuesta es s\u00ed, desde la casa alemana lanzan al mercado un coche que puede estar <b>dise\u00f1ado para ti<\/b> \u00bfQuieres conocer las novedades que incorpora la \u00faltima versi\u00f3n del <b>Mercedes GLA 2017<\/b>?<\/p>\n<p><img loading=\"lazy\" decoding=\"async\" class=\"alignright size-full wp-image-11070\" alt=\"Mercedes GLA, comprar coche\" src=\"https:\/\/www.sibuscascoche.com\/noticias\/wp-content\/uploads\/2017\/04\/comprar-coche-ocasion-mercedes-gla-2017.jpg\" width=\"300\" height=\"200\" \/>La primera versi\u00f3n del GLA alem\u00e1n llegaba al mercado en el <b>a\u00f1o 2013<\/b>, por eso, desde Mercedes han decidido <b>renovar su SUV compacto<\/b> para darle un aspecto m\u00e1s atractivo con un exterior de <b>l\u00edneas din\u00e1micas<\/b> y la incorporaci\u00f3n de los elementos tecnol\u00f3gicos de \u00faltima generaci\u00f3n para hacer nuestros viajes m\u00e1s sencillos.<\/p>\n<p>En el apartado mec\u00e1nico el nuevo Mercedes GLA <b>aumenta la potencia<\/b> con respecto a la anterior versi\u00f3n. El nuevo coche alem\u00e1n est\u00e1 disponible en <b>versiones di\u00e9sel<\/b> de entre <b>136<\/b> y <b>177 CV<\/b> y en <b>cuatro motores gasolina<\/b> de entre <b>122<\/b> y <b>381 CV<\/b>. La potencia del GLA se une de serie a una caja de <b>cambios manual de 6 velocidades<\/b>, que podemos cambiar por la <b>transmisi\u00f3n autom\u00e1tica<\/b> de <b>doble embrague 7G-DCT<\/b>. Adem\u00e1s, de forma opcional a nuestro GLA le podemos incorporar la <b>tracci\u00f3n integral 4MATIC,<\/b> con la que no habr\u00e1 obst\u00e1culo que se nos resista.<\/p>\n<p>El exterior del nuevo Mercedes <b>suaviza las l\u00edneas <\/b>de la anterior versi\u00f3n y modifica los <b>paragolpes <\/b>para otorgarle un <b>aspecto m\u00e1s deportivo<\/b>, que se acent\u00faa con sus <b>llantas de aleaci\u00f3n de 18 pulgadas<\/b>. En cuanto entramos en el GLA, nos encontramos con un coche en el que destaca la <b>exclusividad<\/b> y el <b>aspecto moderno<\/b> de sus elementos, como el <b>volante multifunci\u00f3n de 3 radios<\/b>.<\/p>\n<p>Desde la marca alemana apuestan por usar en sus nuevos coches los sistemas de seguridad y conectividad m\u00e1s modernos, como el <b>piloto autom\u00e1tico de distancia DISTRONIC,<\/b> con el que se reducir\u00e1 el riesgo de accidentes por alcance mientras <b>aumenta nuestra comodidad al volante<\/b>.<\/p>\n<p>\u00bfQu\u00e9 piensas del nuevo SUV compacto de Mercedes? \u00bfTienes ganas de probarlo?<\/p>\n","protected":false},"excerpt":{"rendered":"<p>\u00bfPiensas en comprar un Mercedes? \u00bfCrees que te decidir\u00e1s por un SUV? Si la respuesta es s\u00ed, desde la casa alemana lanzan al mercado un coche que puede estar dise\u00f1ado<\/p>\n","protected":false},"author":6,"featured_media":11069,"comment_status":"closed","ping_status":"open","sticky":false,"template":"","format":"standard","meta":{"footnotes":""},"categories":[1],"tags":[1154,143,129],"class_list":["post-11090","post","type-post","status-publish","format-standard","has-post-thumbnail","hentry","category-actualidad","tag-gla","tag-mercedes","tag-suv"],"_links":{"self":[{"href":"https:\/\/www.sibuscascoche.com\/noticias\/wp-json\/wp\/v2\/posts\/11090","targetHints":{"allow":["GET"]}}],"collection":[{"href":"https:\/\/www.sibuscascoche.com\/noticias\/wp-json\/wp\/v2\/posts"}],"about":[{"href":"https:\/\/www.sibuscascoche.com\/noticias\/wp-json\/wp\/v2\/types\/post"}],"author":[{"embeddable":true,"href":"https:\/\/www.sibuscascoche.com\/noticias\/wp-json\/wp\/v2\/users\/6"}],"replies":[{"embeddable":true,"href":"https:\/\/www.sibuscascoche.com\/noticias\/wp-json\/wp\/v2\/comments?post=11090"}],"version-history":[{"count":3,"href":"https:\/\/www.sibuscascoche.com\/noticias\/wp-json\/wp\/v2\/posts\/11090\/revisions"}],"predecessor-version":[{"id":11094,"href":"https:\/\/www.sibuscascoche.com\/noticias\/wp-json\/wp\/v2\/posts\/11090\/revisions\/11094"}],"wp:featuredmedia":[{"embeddable":true,"href":"https:\/\/www.sibuscascoche.com\/noticias\/wp-json\/wp\/v2\/media\/11069"}],"wp:attachment":[{"href":"https:\/\/www.sibuscascoche.com\/noticias\/wp-json\/wp\/v2\/media?parent=11090"}],"wp:term":[{"taxonomy":"category","embeddable":true,"href":"https:\/\/www.sibuscascoche.com\/noticias\/wp-json\/wp\/v2\/categories?post=11090"},{"taxonomy":"post_tag","embeddable":true,"href":"https:\/\/www.sibuscascoche.com\/noticias\/wp-json\/wp\/v2\/tags?post=11090"}],"curies":[{"name":"wp","href":"https:\/\/api.w.org\/{rel}","templated":true}]}}