{"id":11083,"date":"2017-05-30T18:54:04","date_gmt":"2017-05-30T16:54:04","guid":{"rendered":"https:\/\/www.sibuscascoche.com\/noticias\/?p=11083"},"modified":"2017-05-30T18:54:04","modified_gmt":"2017-05-30T16:54:04","slug":"nuevo-duster-esta-hecho-triunfar","status":"publish","type":"post","link":"https:\/\/www.sibuscascoche.com\/noticias\/2017\/nuevo-duster-esta-hecho-triunfar\/","title":{"rendered":"El nuevo Duster est\u00e1 hecho para triunfar"},"content":{"rendered":"<p><strong>Dacia<\/strong> ha anunciado que para <b>el a\u00f1o 2018<\/b> estrenar\u00e1 una <b>nueva versi\u00f3n<\/b> de su afamado <b>Duster<\/b>. Por el momento, <b>no tenemos im\u00e1genes<\/b> de esta nueva versi\u00f3n, pero el SUV de Dacia llegar\u00e1 al mercado con <b>enormes mejoras<\/b> y un <b>aspecto renovado<\/b> \u00bfTe contamos lo que ya conocemos del nuevo coche?<\/p>\n<p><img loading=\"lazy\" decoding=\"async\" class=\"alignright size-full wp-image-11071\" alt=\"dacia duster, comprar coche ocasi\u00f3n\" src=\"https:\/\/www.sibuscascoche.com\/noticias\/wp-content\/uploads\/2017\/04\/comprar-coche-dacia-duster-2018.jpg\" width=\"300\" height=\"200\" \/>La revisi\u00f3n del superventas de Dacia promete un <b>coche m\u00e1s moderno <\/b>donde las <b>l\u00edneas exteriores se suavizar\u00e1n <\/b>para darle un aspecto <b>m\u00e1s atractivo<\/b>. La parte central tendr\u00e1 un <b>dise\u00f1o m\u00e1s robusto <\/b>e <b>impactante<\/b> con el cambio de aspecto de sus faros. En cuanto a la <b>trasera<\/b>, el grupo \u00f3ptico tendr\u00e1 un <b>dise\u00f1o cuadrado <\/b>con el que ganar\u00e1 identidad. Como no pod\u00eda ser de otro modo, desde Dacia tambi\u00e9n quer\u00edan guardar la esencia del Duster que cautiv\u00f3 a miles de conductores, por eso anuncian que sus <b>caracter\u00edsticas protecciones exteriores<\/b> seguir\u00e1n <b>formando parte de la nueva versi\u00f3n<\/b>.<\/p>\n<p>Si hablamos de mec\u00e1nica, la segunda generaci\u00f3n del Duster comenzar\u00e1 con un <b>motor de 0.9 litros TCe de 90 CV<\/b>. En cuanto a los propulsores <b>di\u00e9sel<\/b>, Dacia ha optado por la creaci\u00f3n de un <b>1.6 dCi de 130 CV<\/b>. Para configurar el coche a nuestro gusto podremos escoger entre un <b>cambio manual<\/b> o la <b>moderna transmisi\u00f3n autom\u00e1tica,<\/b> que se acompa\u00f1ar\u00e1n bien de la <b>tracci\u00f3n delantera<\/b> o de <b>la total,<\/b> seg\u00fan la versi\u00f3n que elijamos.<\/p>\n<p>Otra de las novedades m\u00e1s importantes que nos trae la nueva generaci\u00f3n es la fabricaci\u00f3n de <b>una versi\u00f3n con 7 plazas<\/b>, gracias a la <b>nueva plataforma CMF<\/b> empleada en su producci\u00f3n y que permite aumentar el tama\u00f1o del coche. Esta versi\u00f3n del Dacia llevar\u00e1 como nombre <b>Grand Duster<\/b>.<\/p>\n<p>La presentaci\u00f3n oficial del Dacia Duster parece que tendr\u00e1 lugar hacia <b>finales de este a\u00f1o 2017<\/b>. Hasta ese momento tan solo nos queda esperar para poder conocer mejor al nuevo SUV \u00bfimpaciente?<\/p>\n","protected":false},"excerpt":{"rendered":"<p>Dacia ha anunciado que para el a\u00f1o 2018 estrenar\u00e1 una nueva versi\u00f3n de su afamado Duster. Por el momento, no tenemos im\u00e1genes de esta nueva versi\u00f3n, pero el SUV de<\/p>\n","protected":false},"author":6,"featured_media":11072,"comment_status":"closed","ping_status":"open","sticky":false,"template":"","format":"standard","meta":{"footnotes":""},"categories":[1],"tags":[614,1153,129],"class_list":["post-11083","post","type-post","status-publish","format-standard","has-post-thumbnail","hentry","category-actualidad","tag-dacia","tag-daster","tag-suv"],"_links":{"self":[{"href":"https:\/\/www.sibuscascoche.com\/noticias\/wp-json\/wp\/v2\/posts\/11083","targetHints":{"allow":["GET"]}}],"collection":[{"href":"https:\/\/www.sibuscascoche.com\/noticias\/wp-json\/wp\/v2\/posts"}],"about":[{"href":"https:\/\/www.sibuscascoche.com\/noticias\/wp-json\/wp\/v2\/types\/post"}],"author":[{"embeddable":true,"href":"https:\/\/www.sibuscascoche.com\/noticias\/wp-json\/wp\/v2\/users\/6"}],"replies":[{"embeddable":true,"href":"https:\/\/www.sibuscascoche.com\/noticias\/wp-json\/wp\/v2\/comments?post=11083"}],"version-history":[{"count":2,"href":"https:\/\/www.sibuscascoche.com\/noticias\/wp-json\/wp\/v2\/posts\/11083\/revisions"}],"predecessor-version":[{"id":11085,"href":"https:\/\/www.sibuscascoche.com\/noticias\/wp-json\/wp\/v2\/posts\/11083\/revisions\/11085"}],"wp:featuredmedia":[{"embeddable":true,"href":"https:\/\/www.sibuscascoche.com\/noticias\/wp-json\/wp\/v2\/media\/11072"}],"wp:attachment":[{"href":"https:\/\/www.sibuscascoche.com\/noticias\/wp-json\/wp\/v2\/media?parent=11083"}],"wp:term":[{"taxonomy":"category","embeddable":true,"href":"https:\/\/www.sibuscascoche.com\/noticias\/wp-json\/wp\/v2\/categories?post=11083"},{"taxonomy":"post_tag","embeddable":true,"href":"https:\/\/www.sibuscascoche.com\/noticias\/wp-json\/wp\/v2\/tags?post=11083"}],"curies":[{"name":"wp","href":"https:\/\/api.w.org\/{rel}","templated":true}]}}