{"id":11032,"date":"2017-05-18T11:20:56","date_gmt":"2017-05-18T09:20:56","guid":{"rendered":"https:\/\/www.sibuscascoche.com\/noticias\/?p=11032"},"modified":"2017-05-18T11:20:56","modified_gmt":"2017-05-18T09:20:56","slug":"5-curiosidades-rally-portugal","status":"publish","type":"post","link":"https:\/\/www.sibuscascoche.com\/noticias\/2017\/5-curiosidades-rally-portugal\/","title":{"rendered":"5 curiosidades del Rally de Portugal"},"content":{"rendered":"<p>El Rally de Portugal es una prueba que gusta a muchos aficionados gallegos, probablemente porque es f\u00e1cil disfrutarla sin tener que desplazarse muy lejos y porque est\u00e1 llena de grandes trazados que disfrutar al m\u00e1ximo. <strong>Del 18 al 21 de mayo<\/strong> se disputar\u00e1 esta competici\u00f3n llena de datos curiosos. Te contamos algunos.<\/p>\n<p>El <strong>itinerario se desarrolla principalmente en el norte del pa\u00eds<\/strong>. En <strong>Matosinhos, Guimar\u00e3es, Viana do Castelo, Braga, Cabreira y Fafe<\/strong>. En el primero se produce una carrera especialmente t\u00e9cnica, mientras que las m\u00e1s concurridas suelen ser las de Braga (este a\u00f1o con dos tramos en su casco hist\u00f3rico) y Fafe, donde se celebrar\u00e1n cuatro especiales incluyendo un doble pasada sobre su tramo m\u00e1s conocido.<\/p>\n<p><img loading=\"lazy\" decoding=\"async\" class=\"alignright size-full wp-image-11035\" alt=\"Coche seminuevo\" src=\"https:\/\/www.sibuscascoche.com\/noticias\/wp-content\/uploads\/2017\/04\/Rally-Portugal-VW.jpg\" width=\"300\" height=\"200\" \/><\/p>\n<p>Al ser un <strong>rally de tierra<\/strong> hay varias cosas a tener en cuenta para los aficionados, como la cantidad de polvo y suciedad con la que acabar\u00e1n al final del d\u00eda. Para los equipos y corredores, cobra una <strong>especial importancia el agarre<\/strong> ya que en las primeras pasadas suele ser especialmente bueno, pero en las segundas las rocas y socavones que se producen pueden resultar peligrosas. Por eso las especificaciones de los coches y en especial<strong> las suspensiones pensadas para tierra suelen ser importantes.<\/strong><\/p>\n<p>Ha sido nombrado <strong>\u201cMejor Rally del Mundo\u201d en cinco ocasiones<\/strong> desde que se disput\u00f3 por primera vez en 1967, aunque hasta 1973 no pasar\u00eda a formar parte del WRC. Pas\u00f3 de realizarse en el norte del pa\u00eds al Algarve (en el sur) y en 2015 volvi\u00f3 al norte otra vez.<\/p>\n<p>Este a\u00f1o tendr\u00e1 <strong>algunos tramos en los que habr\u00e1 que pagar para poder disfrutarlos<\/strong>, como el ShakeDown en Baltar por el habr\u00e1 que abonar 10 \u20ac y la S\u00faper Especial de Lousada (20 \u20ac). La especial de Braga ser\u00e1 gratuita a menos que quieras verla desde las gradas que se instalar\u00e1n a tal efecto.<\/p>\n<p>El a\u00f1o pasado dentro del Marco de Certificaci\u00f3n por el Desarrollo Ambiental de la FIA, obtuvieron el certificado mediano de acreditaci\u00f3n (<strong>Progress Towards Excellence<\/strong>) y aspiran a tener en 2018 el nivel m\u00e1s alto posible de acreditaci\u00f3n, el <strong>Achievement of Excellence<\/strong>. Esto los acreditar\u00e1 como un rally que trabaja para <strong>mejorar la sostenibilidad y reducir el impacto medioambiental<\/strong> que produce en su entorno. Si te gusta el automovilismo reserva unos d\u00edas y ac\u00e9rcate al Rally de Portugal. No te arrepentir\u00e1s.<\/p>\n","protected":false},"excerpt":{"rendered":"<p>El Rally de Portugal es una prueba que gusta a muchos aficionados gallegos, probablemente porque es f\u00e1cil disfrutarla sin tener que desplazarse muy lejos y porque est\u00e1 llena de grandes<\/p>\n","protected":false},"author":1,"featured_media":11034,"comment_status":"closed","ping_status":"open","sticky":false,"template":"","format":"standard","meta":{"footnotes":""},"categories":[1],"tags":[],"class_list":["post-11032","post","type-post","status-publish","format-standard","has-post-thumbnail","hentry","category-actualidad"],"_links":{"self":[{"href":"https:\/\/www.sibuscascoche.com\/noticias\/wp-json\/wp\/v2\/posts\/11032","targetHints":{"allow":["GET"]}}],"collection":[{"href":"https:\/\/www.sibuscascoche.com\/noticias\/wp-json\/wp\/v2\/posts"}],"about":[{"href":"https:\/\/www.sibuscascoche.com\/noticias\/wp-json\/wp\/v2\/types\/post"}],"author":[{"embeddable":true,"href":"https:\/\/www.sibuscascoche.com\/noticias\/wp-json\/wp\/v2\/users\/1"}],"replies":[{"embeddable":true,"href":"https:\/\/www.sibuscascoche.com\/noticias\/wp-json\/wp\/v2\/comments?post=11032"}],"version-history":[{"count":4,"href":"https:\/\/www.sibuscascoche.com\/noticias\/wp-json\/wp\/v2\/posts\/11032\/revisions"}],"predecessor-version":[{"id":11275,"href":"https:\/\/www.sibuscascoche.com\/noticias\/wp-json\/wp\/v2\/posts\/11032\/revisions\/11275"}],"wp:featuredmedia":[{"embeddable":true,"href":"https:\/\/www.sibuscascoche.com\/noticias\/wp-json\/wp\/v2\/media\/11034"}],"wp:attachment":[{"href":"https:\/\/www.sibuscascoche.com\/noticias\/wp-json\/wp\/v2\/media?parent=11032"}],"wp:term":[{"taxonomy":"category","embeddable":true,"href":"https:\/\/www.sibuscascoche.com\/noticias\/wp-json\/wp\/v2\/categories?post=11032"},{"taxonomy":"post_tag","embeddable":true,"href":"https:\/\/www.sibuscascoche.com\/noticias\/wp-json\/wp\/v2\/tags?post=11032"}],"curies":[{"name":"wp","href":"https:\/\/api.w.org\/{rel}","templated":true}]}}