{"id":10985,"date":"2017-06-05T16:16:41","date_gmt":"2017-06-05T14:16:41","guid":{"rendered":"https:\/\/www.sibuscascoche.com\/noticias\/?p=10985"},"modified":"2017-06-30T10:46:23","modified_gmt":"2017-06-30T08:46:23","slug":"race-propone-bicicletas-carne-por-puntos","status":"publish","type":"post","link":"https:\/\/www.sibuscascoche.com\/noticias\/2017\/race-propone-bicicletas-carne-por-puntos\/","title":{"rendered":"RACE propone que las bicicletas tengan carn\u00e9 por puntos"},"content":{"rendered":"<p>Los <strong>datos de siniestralidad<\/strong> en la carretera <strong>aumentaron en 2016<\/strong> respecto al a\u00f1o anterior rompiendo la tendencia descendente consolidada en los a\u00f1os precedentes, un hecho que no ha pasado desapercibido para la\u00a0<strong>Direcci\u00f3n General de Tr\u00e1fico<\/strong> y las <strong>asociaciones de v\u00edctimas y de automovilistas<\/strong> que han decidido ponerse manos a la obra con un <strong>objetivo<\/strong>, que 2017 tenga un balance final de menos de 1000 personas fallecidas en nuestras carreteras.<\/p>\n<p>Muchas de las causas de este incremento est\u00e1n claras, como que tenemos <strong>carreteras con peor mantenimiento<\/strong> y un <strong>parque m\u00f3vil m\u00e1s envejecido<\/strong>, las dos cosas como consecuencia de la crisis. Adem\u00e1s del <strong>aumento de las distracciones por el manejo de aparatos electr\u00f3nicos<\/strong> mientras conducimos. Pero hay m\u00e1s casos, el 40 % de los muertos en fin de semana eran motoristas en gran medida porque, junto con los ciclistas, son los colectivos m\u00e1s vulnerables.<\/p>\n<p><img loading=\"lazy\" decoding=\"async\" class=\"alignright size-full wp-image-10988\" alt=\"Coche segunda mano\" src=\"https:\/\/www.sibuscascoche.com\/noticias\/wp-content\/uploads\/2017\/04\/carne-por-puntos-bicis.jpg\" width=\"300\" height=\"200\" \/>Con esta idea el RACE propuso que las bicicletas se tuvieran que atener a un sistema de carn\u00e9 por puntos parecido al que tienen los veh\u00edculos motorizados. <strong>La idea no ha gustado nada a los colectivos ciclistas<\/strong> que lo ven como un ataque del RACE hacia ellos, con una medida que, aseguran, <strong>\u201cno se da en ninguna parte del mundo\u201d<\/strong>. En su negativa argumentan que no se tiene constancia de que ninguna infracci\u00f3n de un ciclista haya costado la vida a ning\u00fan automovilista y, lo que es m\u00e1s, seg\u00fan diversos informes <strong>solo el 30 % de los ciclistas involucrados en un accidente hab\u00edan cometido alg\u00fan tipo de infracci\u00f3n<\/strong>. A esto hay que a\u00f1adirle encuestas como la que asegura que solo el <strong>18 % los automovilistas afirman tener una relaci\u00f3n \u201cbuena o muy buena\u201d con los ciclistas en la carretera.<\/strong><\/p>\n<p><strong>\u00bfQu\u00e9 implicar\u00eda este carn\u00e9 por puntos?<\/strong> Pues para empezar <strong>habr\u00eda que matricular y crear alg\u00fan tipo de registro de bicicletas<\/strong>, lo que implicar\u00eda, probablemente, <strong>tener que sacarse alg\u00fan tipo de carn\u00e9<\/strong> y ello implicar\u00eda<strong> imponer una edad m\u00ednima para usarla (al menos en carretera)<\/strong>. Seg\u00fan aseguran estos colectivos los problemas que causar\u00edan a los usuarios y, en especial, a muchos j\u00f3venes que tienen en la bicicleta uno de sus medios de transporte principal, supera con mucho los supuestos beneficios de este carn\u00e9. Hay que decir que <strong>los ciclistas est\u00e1n sujetos al reglamento general de circulaci\u00f3n y se les puede multar si cometen infracciones<\/strong> como estar bajos los efectos del alcohol o las drogas, ir por direcci\u00f3n prohibida, hacer giros incorrectos y similares. Sin duda la RACE ha tenido una idea pol\u00e9mica. \u00bfT\u00fa qu\u00e9 opinas?<\/p>\n","protected":false},"excerpt":{"rendered":"<p>Los datos de siniestralidad en la carretera aumentaron en 2016 respecto al a\u00f1o anterior rompiendo la tendencia descendente consolidada en los a\u00f1os precedentes, un hecho que no ha pasado desapercibido<\/p>\n","protected":false},"author":1,"featured_media":10987,"comment_status":"closed","ping_status":"open","sticky":false,"template":"","format":"standard","meta":{"footnotes":""},"categories":[1],"tags":[],"class_list":["post-10985","post","type-post","status-publish","format-standard","has-post-thumbnail","hentry","category-actualidad"],"_links":{"self":[{"href":"https:\/\/www.sibuscascoche.com\/noticias\/wp-json\/wp\/v2\/posts\/10985","targetHints":{"allow":["GET"]}}],"collection":[{"href":"https:\/\/www.sibuscascoche.com\/noticias\/wp-json\/wp\/v2\/posts"}],"about":[{"href":"https:\/\/www.sibuscascoche.com\/noticias\/wp-json\/wp\/v2\/types\/post"}],"author":[{"embeddable":true,"href":"https:\/\/www.sibuscascoche.com\/noticias\/wp-json\/wp\/v2\/users\/1"}],"replies":[{"embeddable":true,"href":"https:\/\/www.sibuscascoche.com\/noticias\/wp-json\/wp\/v2\/comments?post=10985"}],"version-history":[{"count":7,"href":"https:\/\/www.sibuscascoche.com\/noticias\/wp-json\/wp\/v2\/posts\/10985\/revisions"}],"predecessor-version":[{"id":11645,"href":"https:\/\/www.sibuscascoche.com\/noticias\/wp-json\/wp\/v2\/posts\/10985\/revisions\/11645"}],"wp:featuredmedia":[{"embeddable":true,"href":"https:\/\/www.sibuscascoche.com\/noticias\/wp-json\/wp\/v2\/media\/10987"}],"wp:attachment":[{"href":"https:\/\/www.sibuscascoche.com\/noticias\/wp-json\/wp\/v2\/media?parent=10985"}],"wp:term":[{"taxonomy":"category","embeddable":true,"href":"https:\/\/www.sibuscascoche.com\/noticias\/wp-json\/wp\/v2\/categories?post=10985"},{"taxonomy":"post_tag","embeddable":true,"href":"https:\/\/www.sibuscascoche.com\/noticias\/wp-json\/wp\/v2\/tags?post=10985"}],"curies":[{"name":"wp","href":"https:\/\/api.w.org\/{rel}","templated":true}]}}