{"id":10980,"date":"2017-05-22T10:09:36","date_gmt":"2017-05-22T08:09:36","guid":{"rendered":"https:\/\/www.sibuscascoche.com\/noticias\/?p=10980"},"modified":"2017-05-22T10:12:52","modified_gmt":"2017-05-22T08:12:52","slug":"alberto-meira-es-muy-dificil-llegar-prestaciones-pasada-temporada-con-evox","status":"publish","type":"post","link":"https:\/\/www.sibuscascoche.com\/noticias\/2017\/alberto-meira-es-muy-dificil-llegar-prestaciones-pasada-temporada-con-evox\/","title":{"rendered":"Alberto Meira: \u00abEs muy dif\u00edcil llegar a las prestaciones de la pasada temporada con el Evo X\u00bb"},"content":{"rendered":"<h5 style=\"text-align: center;\">El piloto gondomare\u00f1o se\u00f1ala que su Mitsubishi ha perdido potencia debido a la reducci\u00f3n de su brida en 2 mm, lo que \u00abcomplica la lucha con los R5\u00bb<em><\/em><\/h5>\n<p>Todav\u00eda est\u00e1 saboreando la victoria en el <strong>Campeonato Gallego de Rallyes<\/strong> la pasada temporada, sin embargo, <strong>Alberto Meira<\/strong> ya est\u00e1 pensando en revalidar el t\u00edtulo. Lejos queda aquel comienzo de temporada poco afortunado. Este a\u00f1o <strong>todo est\u00e1 saliendo sobre ruedas<\/strong> y eso se nota en el \u00e1nimo del piloto y su nuevo compa\u00f1ero, Jos\u00e9 Murado.<\/p>\n<p>No obstante, el gondomare\u00f1o reconoce que su Mitsubishi no esta tan potente como los <a title=\"coche segunda mano\" href=\"https:\/\/www.sibuscascoche.com\/coches-ocasion\/opel\" target=\"_blank\"><span style=\"color: #5b84ff;\"><strong>R5<\/strong><\/span><\/a>: \u00abNotamos mucho la p\u00e9rdida de potencia debido a la reducci\u00f3n de 2 mm en nuestra brida; esto complica la lucha con los R5\u00bb. <strong>Su pretensi\u00f3n es vender el <span style=\"color: #5382d4;\"><a title=\"coche ocasi\u00f3n \" href=\"https:\/\/www.sibuscascoche.com\/\" target=\"_blank\"><span style=\"color: #5382d4;\">Mitsubishi<\/span><\/a><\/span><\/strong> pero hasta que esto sea una realidad \u00abno podremos comprar otro coche\u00bb, apunta, y a\u00f1ade: \u00abHasta ese momento, nuestra montura no variar\u00e1\u00bb.<\/p>\n<p>A\u00a0pesar de esta traba, deja claro que su intenci\u00f3n es ir a por todas: \u00ab<strong>Los campeonatos se ganan o se pierden a final de temporada<\/strong>, con lo cual esperaremos a ver qu\u00e9 pasa\u00bb.<\/p>\n<p><strong>PREGUNTA. El de 2017 ha sido uno de los mejores arranques de temporada que has tenido en los \u00faltimos a\u00f1os. \u00bfA qu\u00e9 factores asocias este \u00e9xito?<\/strong><\/p>\n<p><strong>RESPUESTA.<\/strong> Depende del punto de vista desde el que se vea el \u00abbuen arranque\u00bb. Estamos muy contentos por los resultados obtenidos porque hemos acabado todas las carreras. Respecto al coche, la valoraci\u00f3n es tambi\u00e9n muy positiva, ya que es fiable 100% y este a\u00f1o le hemos hecho una revisi\u00f3n a fondo.<\/p>\n<blockquote>\n<h4><strong><span style=\"color: #0071b9;\">Estoy muy contento de poder contar con Jos\u00e9 Murado a mi derecha; fue una decisi\u00f3n acertada\u00bb<\/span><\/strong><\/h4>\n<\/blockquote>\n<p><strong>P.<\/strong> <strong>Quiz\u00e1s haya tenido algo que ver Jos\u00e9 Murado. En tus redes afirmabas que cada vez hay m\u00e1s compenetraci\u00f3n. \u00bfC\u00f3mo valoras el equipo que form\u00e1is?<\/strong><\/p>\n<p>R.\u00a0Estoy muy contento de poder contar con Jos\u00e9 Murado a mi derecha. La compenetraci\u00f3n es cada vez mejor y, a medida que avanza la temporada, hay m\u00e1s <em>feeling<\/em>. Cuando recibimos la noticia de que David no correr\u00eda con nosotros esta temporada, a veinte d\u00edas de que empezase la primera prueba del campeonato, el Rally de Coru\u00f1a, valoramos a Jos\u00e9 como un posible candidato y la verdad es que fue una decisi\u00f3n acertada.<\/p>\n<p><img loading=\"lazy\" decoding=\"async\" class=\"alignright size-full wp-image-11309\" alt=\"alberto meira jose murado rallyes\" src=\"https:\/\/www.sibuscascoche.com\/noticias\/wp-content\/uploads\/2017\/05\/alberto-meira-jose-murado.jpg\" width=\"300\" height=\"200\" \/><\/p>\n<p><strong>P. \u00bfQu\u00e9 sensaciones te est\u00e1 dando el Mitsubishi Lancer Evo X? \u00bfQu\u00e9 cambios hab\u00e9is hecho respecto a la pasada temporada?<\/strong><\/p>\n<p>R. Las sensaciones son buenas, como siempre. Notamos mucho la p\u00e9rdida de potencia debido a la reducci\u00f3n de 2 mm en nuestra brida. El equipo est\u00e1 trabajando para mejorar poco a poco diferentes factores pero es muy dif\u00edcil llegar a las prestaciones de la pasada temporada.<\/p>\n<p><strong>P. \u00bfC\u00f3mo os ha afectado la aplicaci\u00f3n del nuevo reglamento t\u00e9cnico del Gallego?<\/strong><\/p>\n<p>R. La p\u00e9rdida de potencia nos hace muy dif\u00edcil la lucha con los <a title=\"coche ocasi\u00f3n galicia\" href=\"https:\/\/www.sibuscascoche.com\/coches-ocasion\/renault\" target=\"_blank\"><strong><span style=\"color: #359dc9;\">R5<\/span><\/strong><\/a>; son coches muy actuales y cada vez m\u00e1s evolucionados.<\/p>\n<p style=\"text-align: center;\"><a href=\"https:\/\/www.sibuscascoche.com\/?utm_source=blog-noticias&amp;utm_medium=banner&amp;utm_campaign=entrevistas&amp;utm_content=entrevista-alberto-meira\"><img loading=\"lazy\" decoding=\"async\" class=\" wp-image-9245 aligncenter photo-gallery-shortcode\" title=\"Busco coche de segunda mano\" alt=\"Busco coche de segunda mano\" src=\"https:\/\/www.sibuscascoche.com\/noticias\/wp-content\/uploads\/2016\/10\/comprar-coche-segunda-mano-ocasion-km01.gif\" width=\"600\" height=\"90\" \/><\/a><\/p>\n<p><strong>P. Finalmente los deseos de correr con Maxi Rally esta temporada no se cumplieron, \u00bfpor qu\u00e9?<\/strong><\/p>\n<p>R. Mientras no vendamos el<span style=\"color: #359dc9;\"><strong> <a title=\"coche segunda mano Galicia\" href=\"https:\/\/www.sibuscascoche.com\/coches-ocasion\/mitsubishi\" target=\"_blank\"><span style=\"color: #359dc9;\">Mitsubishi<\/span><\/a><\/strong><\/span>, no podremos comprar otro coche, por lo tanto nuestra montura no variar\u00e1 hasta ese momento.<\/p>\n<p><strong>P.<\/strong> <strong>Esta temporada tambi\u00e9n est\u00e1 siendo una de las m\u00e1s competitivas, con V\u00edctor Senra y Iago Caama\u00f1o. \u00bfC\u00f3mo valoras la temporada que est\u00e1n haciendo tus rivales? \u00bfQu\u00e9 expectativas tienes para el resto de temporada?<\/strong><\/p>\n<p>R. V\u00edctor es un viejo rival, s\u00e9 lo que corre y la calidad que tiene como piloto. Para nada me esperaba menos de \u00e9l. Iago mejora cada vez m\u00e1s y habr\u00e1 que tenerlo en cuenta pero creo que nuestra lucha ser\u00e1 con V\u00edctor. Los campeonatos se ganan o se pierden a final de temporada, con lo cual esperaremos a ver qu\u00e9 pasa.<\/p>\n<p><img loading=\"lazy\" decoding=\"async\" class=\"alignleft size-full wp-image-11310\" alt=\"mitsubishi lancer evo x alberto meira\" src=\"https:\/\/www.sibuscascoche.com\/noticias\/wp-content\/uploads\/2017\/05\/entrevista-alberto-meira-mitsubishi-lancer-evo-x.jpg\" width=\"300\" height=\"200\" \/><\/p>\n<p><strong>P. \u00bfCu\u00e1les son las novedades que m\u00e1s valoras esta temporada en el Gallego?<\/strong><\/p>\n<p>R. De momento es pronto para extraer una valoraci\u00f3n.<\/p>\n<p><strong>P. \u00bfC\u00f3mo se presenta la pr\u00f3xima prueba en Nar\u00f3n?<\/strong><\/p>\n<p>R. Con muchas ganas, como siempre. Tanto Iago como V\u00edctor son de all\u00ed, as\u00ed que habr\u00e1 que luchar y dar lo mejor de nosotros.<\/p>\n<p><strong>P. \u00bfHar\u00e1s alguna prueba en el CERA este a\u00f1o?<\/strong><\/p>\n<p>R. No lo tengo contemplado de momento.<\/p>\n<blockquote>\n<h4><strong><span style=\"color: #0071b9;\">Por ahora no se ve ninguna \u00abnueva Federaci\u00f3n\u00bb, habr\u00e1 que darle tiempo para ver los resultados\u00bb<\/span><\/strong><\/h4>\n<\/blockquote>\n<p><strong>P. \u00bfConsideras que la llegada de Manuel Avi\u00f1\u00f3 a la presidencia de la Federaci\u00f3n Espa\u00f1ola de Rallyes supondr\u00e1 un cambio positivo?<\/strong><\/p>\n<p>R. Por ahora los cambios son m\u00ednimos y no se ve ninguna \u00abnueva Federaci\u00f3n\u00bb pero como a todo el mundo, habr\u00e1 que darle tiempo para poder ver los resultados.<\/p>\n<p style=\"text-align: center;\"><a href=\"https:\/\/www.sibuscascoche.com\/coches-ocasion\/?utm_source=blog-noticias&amp;utm_medium=banner&amp;utm_campaign=entrevistas&amp;utm_content=entrevista-alberto-meira\"><img loading=\"lazy\" decoding=\"async\" class=\"aligncenter  wp-image-9222 photo-gallery-shortcode\" title=\"Comprar coche de ocasi\u00f3n\" alt=\"Comprar coche de ocasi\u00f3n\" src=\"https:\/\/www.sibuscascoche.com\/noticias\/wp-content\/uploads\/2016\/10\/comprar-coche-segunda-mano-ocasion-km0.gif\" width=\"600\" height=\"99\" \/><\/a><\/p>\n<p><strong>P. Como deportista, \u00bfc\u00f3mo valoras su nombramiento despu\u00e9s de que Carlos Gracia ocupase este puesto durante 32 a\u00f1os?<\/strong><\/p>\n<p>R. Todos los cambios que se realizan son positivos y por supuesto, para mejor.<\/p>\n<p><strong>P. \u00bfQu\u00e9 te gustar\u00eda que se mejorase en el \u00e1mbito de los rallyes?<\/strong><\/p>\n<p>R. Como siempre, seguir trabajando en la seguridad de todos.<\/p>\n","protected":false},"excerpt":{"rendered":"<p>El piloto gondomare\u00f1o se\u00f1ala que su Mitsubishi ha perdido potencia debido a la reducci\u00f3n de su brida en 2 mm, lo que \u00abcomplica la lucha con los R5\u00bb Todav\u00eda est\u00e1<\/p>\n","protected":false},"author":1,"featured_media":11305,"comment_status":"closed","ping_status":"open","sticky":false,"template":"","format":"standard","meta":{"footnotes":""},"categories":[1,1034],"tags":[1162,1140,1164,1166,291,1163,1165,1067],"class_list":["post-10980","post","type-post","status-publish","format-standard","has-post-thumbnail","hentry","category-actualidad","category-entrevistas","tag-alberto-meira","tag-campeonato-gallego-de-rallyes","tag-evo-x","tag-maxi-rally","tag-mitsubishi","tag-piloto-rallyes","tag-r5","tag-rallye"],"_links":{"self":[{"href":"https:\/\/www.sibuscascoche.com\/noticias\/wp-json\/wp\/v2\/posts\/10980","targetHints":{"allow":["GET"]}}],"collection":[{"href":"https:\/\/www.sibuscascoche.com\/noticias\/wp-json\/wp\/v2\/posts"}],"about":[{"href":"https:\/\/www.sibuscascoche.com\/noticias\/wp-json\/wp\/v2\/types\/post"}],"author":[{"embeddable":true,"href":"https:\/\/www.sibuscascoche.com\/noticias\/wp-json\/wp\/v2\/users\/1"}],"replies":[{"embeddable":true,"href":"https:\/\/www.sibuscascoche.com\/noticias\/wp-json\/wp\/v2\/comments?post=10980"}],"version-history":[{"count":16,"href":"https:\/\/www.sibuscascoche.com\/noticias\/wp-json\/wp\/v2\/posts\/10980\/revisions"}],"predecessor-version":[{"id":11319,"href":"https:\/\/www.sibuscascoche.com\/noticias\/wp-json\/wp\/v2\/posts\/10980\/revisions\/11319"}],"wp:featuredmedia":[{"embeddable":true,"href":"https:\/\/www.sibuscascoche.com\/noticias\/wp-json\/wp\/v2\/media\/11305"}],"wp:attachment":[{"href":"https:\/\/www.sibuscascoche.com\/noticias\/wp-json\/wp\/v2\/media?parent=10980"}],"wp:term":[{"taxonomy":"category","embeddable":true,"href":"https:\/\/www.sibuscascoche.com\/noticias\/wp-json\/wp\/v2\/categories?post=10980"},{"taxonomy":"post_tag","embeddable":true,"href":"https:\/\/www.sibuscascoche.com\/noticias\/wp-json\/wp\/v2\/tags?post=10980"}],"curies":[{"name":"wp","href":"https:\/\/api.w.org\/{rel}","templated":true}]}}